{"id":7082,"date":"2012-08-24T16:19:16","date_gmt":"2012-08-24T14:19:16","guid":{"rendered":"http:\/\/www.weinstrassesued.com\/?p=7082"},"modified":"2012-09-06T00:55:42","modified_gmt":"2012-09-05T22:55:42","slug":"start-in-die-neue-saison","status":"publish","type":"post","link":"http:\/\/www.weinstrassesued.com\/?p=7082","title":{"rendered":"Erster Ausritt gegl\u00fcckt"},"content":{"rendered":"<p style=\"text-align: justify;\"><strong style=\"font-size: medium;\">Weinstra\u00dfe B \u2013 Aldein\/Petersberg 3:0<br \/>\n<\/strong>Zum Aufgalopp in die neue Saison, feierte unsere Reserve vergangenen Freitag-Abend\u00a0einen soliden <strong>3:0 Heimerfolg <\/strong>gegen eine stets\u00a0engagiert auftretende 11 aus <strong>Aldein\/Petersberg<\/strong>.<br \/>\nDabei scharrten unsere jungen Hengste schon seit Wochen im Stall mit ihren Hufen und verzehrten sich sehns\u00fcchtig danach endlich raus auf die frische Wiese gelassen zu werden.<br \/>\nAls erste Spielkomparsen f\u00fcr die neue Runde hatte der allm\u00e4chtige Oberbauer namens VSS den wilden Hengsten aus dem Unterlander S\u00fcd-Westen, 11 Aldein\/Petersberger Rindvieher zugelost.<br \/>\nPferd gegen Kuh? Das konnte nicht mit rechten Dingen zugehen. Die K\u00fche hatten&#8230;Verzeihung &#8211; sie zogen letztendlich den K\u00fcrzeren.<\/p>\n<div dir=\"ltr\">\n<p style=\"text-align: justify;\">Zum Spiel: die Anfangsphase der Begegnung verlief ausgesprochen unspektakul\u00e4r. Den Akteuren auf dem Platz machte wohl der pl\u00f6tzliche Temperatursturz der vergangenen Tage etwas zu schaffen. Das Niveau des Spielgeschehens als eher unterk\u00fchlt zu bezeichnen trifft den Nagel wohl auf dem Kopf. Einer, der vom \u201eNageln\u201c etwas versteht war es schlie\u00dflich auch, welcher unsere Truppe gegen Mitte der 1. Halbzeit mit <strong>1:0 <\/strong>in Front brachte. Nach frechen Zuspiel von Benjamin Sanin (Neuzugang vom Kleinfeld-Staresamble aus Kurtinig), war es Joachim Daum, was Fahrt aufnahm, sich vom gegnerischen Torwart weit nach links abdr\u00e4ngen lie\u00df, die Kugel\u00a0trotzdem aus Spitzem Winkel zur F\u00fchrung\u00a0im Geh\u00e4use unterbrachte (26.).<\/p>\n<p style=\"text-align: justify;\">Der Bann war gebrochen, denn keine 10 Minuten sp\u00e4ter erh\u00f6hte Tomasini auf <strong>2:0.<\/strong> Thomas Guadagnini versuchte es aus gut 30 Metern mit der Brechstange, wobei der Ball von Tomasini entscheidend zum 2:0 ins rechte untere Toreck abgef\u00e4lscht wurde (35.).<\/p>\n<p style=\"text-align: justify;\">Zu Beginn des 2. Spielabschnitts gelang es auch dem Gegner f\u00fcr einen leichten Hauch von Torgefahr zu sorgen. So rettete Giovanett im Anschluss an eine Ecke mit einem Glanzreflex (55.). Um die Bergtruppe aus Aldein\/Petersberg nicht noch st\u00e4rker aufkommen zu lassen, musste schleunigst und endg\u00fcltig\u00a0f\u00fcr klare\u00a0Verh\u00e4ltnisse\u00a0gesorgt werden. So nahm sich abermals\u00a0Joachim Daum dieser Aufgabe an und vollendete in Minute 68 eine der zahlreich sich bietenden Konterm\u00f6glichkeiten zum <strong>3:0 Endstand<\/strong>.<\/p>\n<p style=\"text-align: justify;\">So kann`s ruhig weiter gehen. Muuuhhhh!<\/p>\n<p style=\"text-align: justify;\">\n<strong>Aufstellung:<br \/>\n<\/strong>Giovanett, Casal (ab 46. Kofler Andreas), Piger Daniel (ab 62. Zemmer), Walter, Dibiasi, Ranigler, Mayr Simon, Guadagnini, Daum Joachim (ab 69. Piger Hannes), Sanin (ab 78. Zwerger), Tomasini (ab 58. Anrather)<br \/>\n<strong>Trainer:<\/strong> Gruber Stefan<br \/>\n<strong>Torsch\u00fctzen:<\/strong> 1:0 Daum (27 min.), 2:0 Tomasini (36 min.), 3:0 Daum (68 min.)<\/p>\n<p style=\"text-align: justify;\">\n<\/div>\n","protected":false},"excerpt":{"rendered":"<p>Weinstra\u00dfe B \u2013 Aldein\/Petersberg 3:0 Zum Aufgalopp in die neue Saison, feierte unsere Reserve vergangenen Freitag-Abend\u00a0einen soliden 3:0 Heimerfolg gegen eine stets\u00a0engagiert auftretende 11 aus Aldein\/Petersberg. Dabei scharrten unsere jungen Hengste schon seit Wochen im Stall mit ihren Hufen und verzehrten sich sehns\u00fcchtig danach endlich raus auf die frische Wiese [&hellip;]<\/p>\n","protected":false},"author":12,"featured_media":7085,"comment_status":"open","ping_status":"open","sticky":false,"template":"","format":"standard","meta":[],"categories":[5],"tags":[],"_links":{"self":[{"href":"http:\/\/www.weinstrassesued.com\/index.php?rest_route=\/wp\/v2\/posts\/7082"}],"collection":[{"href":"http:\/\/www.weinstrassesued.com\/index.php?rest_route=\/wp\/v2\/posts"}],"about":[{"href":"http:\/\/www.weinstrassesued.com\/index.php?rest_route=\/wp\/v2\/types\/post"}],"author":[{"embeddable":true,"href":"http:\/\/www.weinstrassesued.com\/index.php?rest_route=\/wp\/v2\/users\/12"}],"replies":[{"embeddable":true,"href":"http:\/\/www.weinstrassesued.com\/index.php?rest_route=%2Fwp%2Fv2%2Fcomments&post=7082"}],"version-history":[{"count":7,"href":"http:\/\/www.weinstrassesued.com\/index.php?rest_route=\/wp\/v2\/posts\/7082\/revisions"}],"predecessor-version":[{"id":7392,"href":"http:\/\/www.weinstrassesued.com\/index.php?rest_route=\/wp\/v2\/posts\/7082\/revisions\/7392"}],"wp:featuredmedia":[{"embeddable":true,"href":"http:\/\/www.weinstrassesued.com\/index.php?rest_route=\/wp\/v2\/media\/7085"}],"wp:attachment":[{"href":"http:\/\/www.weinstrassesued.com\/index.php?rest_route=%2Fwp%2Fv2%2Fmedia&parent=7082"}],"wp:term":[{"taxonomy":"category","embeddable":true,"href":"http:\/\/www.weinstrassesued.com\/index.php?rest_route=%2Fwp%2Fv2%2Fcategories&post=7082"},{"taxonomy":"post_tag","embeddable":true,"href":"http:\/\/www.weinstrassesued.com\/index.php?rest_route=%2Fwp%2Fv2%2Ftags&post=7082"}],"curies":[{"name":"wp","href":"https:\/\/api.w.org\/{rel}","templated":true}]}}