{"id":4981,"date":"2012-03-25T11:45:33","date_gmt":"2012-03-25T09:45:33","guid":{"rendered":"http:\/\/www.weinstrassesued.com\/?p=4981"},"modified":"2012-03-26T23:03:24","modified_gmt":"2012-03-26T21:03:24","slug":"missgluckter-start-in-die-ruckrunde","status":"publish","type":"post","link":"http:\/\/www.weinstrassesued.com\/?p=4981","title":{"rendered":"Bittere Niederlage und ein besonderse Comeback"},"content":{"rendered":"<p style=\"text-align: justify;\">Mit einer mehr als \u00e4rgerlichen 3:4 Heimniederlage gegen Eppan er\u00f6ffnete unsere 2.Mannschaft am Freitagabend die R\u00fcckserie 2012. Eine sehr schwache 1.Halbzeit unsererseits, vor dem Tor gnadenlos effektive G\u00e4ste aus dem \u00dcberetsch, sowie eine sagen wir mal \u2013 \u00e4u\u00dferst bescheidene Leistung des Unparteiischen, sind mit Sicherheit als Hauptfaktoren f\u00fcr die Niederlage zu nennen. Vielleicht auch noch das Fehlen unseres Mittelfeldmotors Roland Terzer, dieser \u201eR\u00fcpel\u201c fehlte aufgrund einer Gelb-Sperre. Auch der Spielverlauf der Begegnung schlug unserer Mannschaft schwer auf den Magen. Permanent rannte sie einem R\u00fcckstand hinterher und kaum hatte sie sich mal auf ein Tor rangek\u00e4mpft dauerte es nicht lange, da setzte es auch schon gleich das n\u00e4chste Gegentor oder um es mit den Worten eines bekannten, blonden Margreider \u201ePhilosophen\u201c zu sagen \u2013 setzte es \u201edie negschte Gnag-Watsch\u201c f\u00fcr unsere 11. Der Reihe nach:<br \/>\nDie ersten 10. Minuten der Partie verliefen ziemlich zerfahren, noch ohne gro\u00dfem Spektakel. Den einzig nennenswerten Torabschluss hatte Joachim Daum, dessen Rechtsschuss das Tor doch um ein paar Meter verfehlte (5.). Die G\u00e4ste aus Eppan attackierten zwar fr\u00fch, wussten sich jedoch zun\u00e4chst auch nur mit hohen B\u00e4llen zu helfen. Einer dieser hohen B\u00e4lle war es schlie\u00dflich auch, welcher unsere Mannschaft nach 12. Minuten ins Hintertreffen brachte. Ein Eppaner Fl\u00fcgelspieler flankte von links in den Strafraum, wo einer seiner Mitspieler nur noch aus wenigen Metern einschieben musste. Beim hohen Zuspiel auf den Assist-Geber roch es allerdings schwer nach Abseits, dessen Geruch der Schiedsrichter leider als nicht intensiv genug war nahm.<br \/>\nWas die folgenden 30. Spielminuten geschah, kann ich Ihnen leider nicht so ganz genau schildern.<br \/>\nDen pl\u00f6tzlich fand ich meine Person auf dem Betriebsgel\u00e4nde der direkt am Sportplatz von Kurtatsch angrenzenden B.G.K. (Bezugsgenossenschaft Kurtatsch) wieder, welches ich mittlerweile fast in und auswendig kenne. War ich dort um was zu stehlen? Nein, war ich nicht. Ich war auf der Suche nach unseren Spielb\u00e4llen, die fast schon serienweise ins Seitenaus gedroschen wurden. Angeblich verpasste ich in dieser Phase nicht allzu viel vom Spielgeschehen. Au\u00dfer ein paar gef\u00e4hrlichen, noch am Vortag im Training ge\u00fcbten Einw\u00fcrfen von Thomas Guadagnini (sicherlich Lauf-st\u00e4rkster Spieler am Wochenende, wenn auch nicht w\u00e4hrend des Spiels) gab es scheinbar nichts nennenswertes zu berichten. Nennenswert war leider das 0:2 noch kurz vor der Pause. Der Gegentreffer war praktisch eine Kopie vom Ersten, nur diesmal kam die Flanke von rechts und es war in diesem Fall auch kein Abseits (39.).<br \/>\nKurz nach der Pause, dann die erste gro\u00dfe Gelegenheit auf den Anschlusstreffer, doch ein gar nicht mal schlecht getretener Foul-Elfmeter von Joachim Paoli ging an den rechten Pfosten (52.). Im Anschluss daran verflachte die Begegnung wieder aufs Niveau der 1.Halbzeit bis es auf der Uhr des Schiedsrichter Minute 68. anzeigte. Auf der Reservebank unserer Mannschaft streifte sich pl\u00f6tzlich \u201eSenior Au\u00dfenrist\u201c Johannes \u201eJoe\u201c Daum in aller Seelen Ruhe sein Trikot \u00fcber, stapfte zur Seitenlinie und war nun zu allem bereit. Die Zeit f\u00fcr sein sehnlichst erwartetes Meisterschafts-Comeback (letztes Spiel vor fast 2 Jahren) war gekommen und mit seiner Einwechslung war gleichzeitig der Startschuss f\u00fcr eine turbulente Schlussphase des Spiels gegeben.<br \/>\nKeine Minute sp\u00e4ter bef\u00f6rderte Patrick Terzer ein Zuspiel von Lukas Mair artistisch zum 1:2 \u00fcber die Linie (69.). Wiederum eine Minute verging, da war der alte, zwei Tore R\u00fcckstand auch wieder hergestellt. Auf H\u00f6he des Mittelkreises wurde der Ball leichtsinnig vert\u00e4ndelt, was die G\u00e4ste mit einem erfolgreichen Konter bestraften (70.). Der Zeitpunkt war nun endg\u00fcltig gekommen alles nach vorne zu schmei\u00dfen. Teilweise mit einem 4-Mann-Sturm gelang unserer 11 in Minute 76. erneut der Anschluss zum 2:3. Joachim Paoli vollstreckt aus 10. Metern ins lange rechte Eck. Ein Ausgleichstreffer lag inzwischen mehr denn je in der Luft, doch gelang es dem Afc Eppan erneut, seinen Kopf aus der Schlinge zu ziehen. Dem 2:4 war allerdings ein klares Handspiels eines Eppaner Spielers vorausgegangen, welches der Schiedsrichter erneut zu unserem Ungunsten nicht ahndete (85.). In der Nachspielzeit gelang es unserem St\u00fcrmer Lukas Mair erneut zu verk\u00fcrzen, doch f\u00fcr mehr reichte die Spielzeit nicht mehr aus.<br \/>\nDas war&#8217;s dann auch.<\/p>\n<p style=\"text-align: justify;\">Aufstellung:<br \/>\nZelger, Gretter, Piger, Casal, Guadagnini, Terzer, Daum Joachim (ab 68. Daum Johannes), Kofler (ab 56. Schweiggl), Anrather (ab 68. Schwarz), Paoli, Mair<br \/>\nTrainer: Gruber Stefan<br \/>\nTorsch\u00fctzen: 1:2 Terzer (69 min.), 2:3 Paoli (76 min.), 3:4 Mair (90\u00a0Min.)<\/p>\n<p>&nbsp;<\/p>\n","protected":false},"excerpt":{"rendered":"<p>Mit einer mehr als \u00e4rgerlichen 3:4 Heimniederlage gegen Eppan er\u00f6ffnete unsere 2.Mannschaft am Freitagabend die R\u00fcckserie 2012. Eine sehr schwache 1.Halbzeit unsererseits, vor dem Tor gnadenlos effektive G\u00e4ste aus dem \u00dcberetsch, sowie eine sagen wir mal \u2013 \u00e4u\u00dferst bescheidene Leistung des Unparteiischen, sind mit Sicherheit als Hauptfaktoren f\u00fcr die Niederlage [&hellip;]<\/p>\n","protected":false},"author":12,"featured_media":4985,"comment_status":"open","ping_status":"open","sticky":false,"template":"","format":"standard","meta":[],"categories":[5],"tags":[],"_links":{"self":[{"href":"http:\/\/www.weinstrassesued.com\/index.php?rest_route=\/wp\/v2\/posts\/4981"}],"collection":[{"href":"http:\/\/www.weinstrassesued.com\/index.php?rest_route=\/wp\/v2\/posts"}],"about":[{"href":"http:\/\/www.weinstrassesued.com\/index.php?rest_route=\/wp\/v2\/types\/post"}],"author":[{"embeddable":true,"href":"http:\/\/www.weinstrassesued.com\/index.php?rest_route=\/wp\/v2\/users\/12"}],"replies":[{"embeddable":true,"href":"http:\/\/www.weinstrassesued.com\/index.php?rest_route=%2Fwp%2Fv2%2Fcomments&post=4981"}],"version-history":[{"count":4,"href":"http:\/\/www.weinstrassesued.com\/index.php?rest_route=\/wp\/v2\/posts\/4981\/revisions"}],"predecessor-version":[{"id":4984,"href":"http:\/\/www.weinstrassesued.com\/index.php?rest_route=\/wp\/v2\/posts\/4981\/revisions\/4984"}],"wp:featuredmedia":[{"embeddable":true,"href":"http:\/\/www.weinstrassesued.com\/index.php?rest_route=\/wp\/v2\/media\/4985"}],"wp:attachment":[{"href":"http:\/\/www.weinstrassesued.com\/index.php?rest_route=%2Fwp%2Fv2%2Fmedia&parent=4981"}],"wp:term":[{"taxonomy":"category","embeddable":true,"href":"http:\/\/www.weinstrassesued.com\/index.php?rest_route=%2Fwp%2Fv2%2Fcategories&post=4981"},{"taxonomy":"post_tag","embeddable":true,"href":"http:\/\/www.weinstrassesued.com\/index.php?rest_route=%2Fwp%2Fv2%2Ftags&post=4981"}],"curies":[{"name":"wp","href":"https:\/\/api.w.org\/{rel}","templated":true}]}}