{"id":4962,"date":"2012-03-20T19:26:56","date_gmt":"2012-03-20T18:26:56","guid":{"rendered":"http:\/\/www.weinstrassesued.com\/?p=4962"},"modified":"2012-03-21T07:20:55","modified_gmt":"2012-03-21T06:20:55","slug":"freitagabend-ws-schlern","status":"publish","type":"post","link":"http:\/\/www.weinstrassesued.com\/?p=4962","title":{"rendered":"Freitagabend: WS-Schlern"},"content":{"rendered":"<p>Von einem aussichtsreichen 3.Platz aus, startet unsere Reserve-Mannschaft am kommenden Freitagabend (Spielbeginn 20.30 Uhr) am Sportplatz von Kurtatsch gegen den AFC Eppan in die R\u00fcckrunde. Man kann dabei zwar nicht, wie es eine deutsche Profimannschaft aus der bayrischen Landeshauptstadt tat, \u201evom Besten Trainingslager aller Zeiten\u201c sprechen (logisch auch, durften diese doch am Strand von Dubai ihre Eier in der Sonne schaukeln), trotzdem kann man die Vorbereitung auf die R\u00fcckserie als durchaus planm\u00e4\u00dfig bezeichnen. Optimistisch stimmt dabei das man mit den in der Hinrunde gesammelten 19 Punkten nur 3 Z\u00e4hler hinter Tabellenf\u00fchrer Kaltern klassiert ist. Die n\u00f6tige Motivation in der Tabelle eventuell noch weiter nach oben zu klettern sollte damit gegeben sein, will man ja auch die etwas d\u00fcrftige Heimbilanz (6 Punkte aus 5 Spielen) in jedem Fall aufbessern. Im Gegensatz dazu konnte man sich auf gegnerischen Pl\u00e4tzen nahezu schadlos halten (4 Siege, 1 Unentschieden). Interessant wird auch zu sehen sein, wie die Mannschaft den Wegfall von St\u00fcrmer Armin Vontavon (6 Tore in 6 Spielen) verkraften kann. Beim \u201eenormen\u201c Potential des restlichen Sturmpersonals, welches ab und an im Training aufblitzt, sollte dies schon einigerma\u00dfen hin hauen. Im Besonderen der lange, schlaksige, Blonde im Sturm, hat bestimmt (oder hoffentlich) noch nicht alles gezeigt was er kann \ud83d\ude42<\/p>\n<p>Tabelle und Spielplan <a href=\"http:\/\/www.weinstrassesued.com\/?page_id=566\">HIER.<\/a><\/p>\n","protected":false},"excerpt":{"rendered":"<p>Von einem aussichtsreichen 3.Platz aus, startet unsere Reserve-Mannschaft am kommenden Freitagabend (Spielbeginn 20.30 Uhr) am Sportplatz von Kurtatsch gegen den AFC Eppan in die R\u00fcckrunde. Man kann dabei zwar nicht, wie es eine deutsche Profimannschaft aus der bayrischen Landeshauptstadt tat, \u201evom Besten Trainingslager aller Zeiten\u201c sprechen (logisch auch, durften diese [&hellip;]<\/p>\n","protected":false},"author":12,"featured_media":4964,"comment_status":"open","ping_status":"open","sticky":false,"template":"","format":"standard","meta":[],"categories":[5],"tags":[],"_links":{"self":[{"href":"http:\/\/www.weinstrassesued.com\/index.php?rest_route=\/wp\/v2\/posts\/4962"}],"collection":[{"href":"http:\/\/www.weinstrassesued.com\/index.php?rest_route=\/wp\/v2\/posts"}],"about":[{"href":"http:\/\/www.weinstrassesued.com\/index.php?rest_route=\/wp\/v2\/types\/post"}],"author":[{"embeddable":true,"href":"http:\/\/www.weinstrassesued.com\/index.php?rest_route=\/wp\/v2\/users\/12"}],"replies":[{"embeddable":true,"href":"http:\/\/www.weinstrassesued.com\/index.php?rest_route=%2Fwp%2Fv2%2Fcomments&post=4962"}],"version-history":[{"count":4,"href":"http:\/\/www.weinstrassesued.com\/index.php?rest_route=\/wp\/v2\/posts\/4962\/revisions"}],"predecessor-version":[{"id":4966,"href":"http:\/\/www.weinstrassesued.com\/index.php?rest_route=\/wp\/v2\/posts\/4962\/revisions\/4966"}],"wp:featuredmedia":[{"embeddable":true,"href":"http:\/\/www.weinstrassesued.com\/index.php?rest_route=\/wp\/v2\/media\/4964"}],"wp:attachment":[{"href":"http:\/\/www.weinstrassesued.com\/index.php?rest_route=%2Fwp%2Fv2%2Fmedia&parent=4962"}],"wp:term":[{"taxonomy":"category","embeddable":true,"href":"http:\/\/www.weinstrassesued.com\/index.php?rest_route=%2Fwp%2Fv2%2Fcategories&post=4962"},{"taxonomy":"post_tag","embeddable":true,"href":"http:\/\/www.weinstrassesued.com\/index.php?rest_route=%2Fwp%2Fv2%2Ftags&post=4962"}],"curies":[{"name":"wp","href":"https:\/\/api.w.org\/{rel}","templated":true}]}}