{"id":19658,"date":"2020-10-01T20:12:57","date_gmt":"2020-10-01T18:12:57","guid":{"rendered":"http:\/\/www.weinstrassesued.com\/?p=19658"},"modified":"2020-10-01T20:12:57","modified_gmt":"2020-10-01T18:12:57","slug":"fussballschule","status":"publish","type":"post","link":"http:\/\/www.weinstrassesued.com\/?p=19658","title":{"rendered":"Fu\u00dfballschule"},"content":{"rendered":"<p>Am Freitag 18. September haben sich die Kinder der Fu\u00dfballschule am Kurtatscher Sportplatz getroffen und wieder mit dem Training angefangen. Dieses Jahr k\u00f6nnen sich die Jahrg\u00e4nge 2013, 2014 und 2015 einschreiben. Das Training findet jeden Freitag von 17.00 bis 18.00 Uhr statt. Wir w\u00fcnschen den Kindern viel Freude und Spa\u00df beim Fu\u00dfballspielen, immer unter Ber\u00fccksichtigung alle Covid-19-Ma\u00dfnahmen.<br \/>\nVenerd\u00ec 18 settembre i bambini dei Primi Calci sono tornati ad allenarsi al campo di Cortaccia. Quest\u2019anno si possono iscrivere le annate 2013, 2014 e 2015. L\u2019allenamento si svolge ogni venerd\u00ec dalle 17.00 alle 18.00 (tempo permettendo). Auguriamo ai bambini tanto divertimento sempre nel rispetto delle regole per il contenimento del Covid-19.<br \/>\nASV Kurtatsch<\/p>\n","protected":false},"excerpt":{"rendered":"<p>Am Freitag 18. September haben sich die Kinder der Fu\u00dfballschule am Kurtatscher Sportplatz getroffen und wieder mit dem Training angefangen. Dieses Jahr k\u00f6nnen sich die Jahrg\u00e4nge 2013, 2014 und 2015 einschreiben. Das Training findet jeden Freitag von 17.00 bis 18.00 Uhr statt. Wir w\u00fcnschen den Kindern viel Freude und Spa\u00df [&hellip;]<\/p>\n","protected":false},"author":12,"featured_media":19659,"comment_status":"closed","ping_status":"closed","sticky":false,"template":"","format":"standard","meta":[],"categories":[1],"tags":[],"_links":{"self":[{"href":"http:\/\/www.weinstrassesued.com\/index.php?rest_route=\/wp\/v2\/posts\/19658"}],"collection":[{"href":"http:\/\/www.weinstrassesued.com\/index.php?rest_route=\/wp\/v2\/posts"}],"about":[{"href":"http:\/\/www.weinstrassesued.com\/index.php?rest_route=\/wp\/v2\/types\/post"}],"author":[{"embeddable":true,"href":"http:\/\/www.weinstrassesued.com\/index.php?rest_route=\/wp\/v2\/users\/12"}],"replies":[{"embeddable":true,"href":"http:\/\/www.weinstrassesued.com\/index.php?rest_route=%2Fwp%2Fv2%2Fcomments&post=19658"}],"version-history":[{"count":1,"href":"http:\/\/www.weinstrassesued.com\/index.php?rest_route=\/wp\/v2\/posts\/19658\/revisions"}],"predecessor-version":[{"id":19660,"href":"http:\/\/www.weinstrassesued.com\/index.php?rest_route=\/wp\/v2\/posts\/19658\/revisions\/19660"}],"wp:featuredmedia":[{"embeddable":true,"href":"http:\/\/www.weinstrassesued.com\/index.php?rest_route=\/wp\/v2\/media\/19659"}],"wp:attachment":[{"href":"http:\/\/www.weinstrassesued.com\/index.php?rest_route=%2Fwp%2Fv2%2Fmedia&parent=19658"}],"wp:term":[{"taxonomy":"category","embeddable":true,"href":"http:\/\/www.weinstrassesued.com\/index.php?rest_route=%2Fwp%2Fv2%2Fcategories&post=19658"},{"taxonomy":"post_tag","embeddable":true,"href":"http:\/\/www.weinstrassesued.com\/index.php?rest_route=%2Fwp%2Fv2%2Ftags&post=19658"}],"curies":[{"name":"wp","href":"https:\/\/api.w.org\/{rel}","templated":true}]}}