{"id":19593,"date":"2020-07-01T23:01:40","date_gmt":"2020-07-01T21:01:40","guid":{"rendered":"http:\/\/www.weinstrassesued.com\/?p=19593"},"modified":"2020-07-01T23:01:40","modified_gmt":"2020-07-01T21:01:40","slug":"der-trainerstab-ist-komplett","status":"publish","type":"post","link":"http:\/\/www.weinstrassesued.com\/?p=19593","title":{"rendered":"Der Trainerstab ist komplett!\u00a0"},"content":{"rendered":"<p>Nach der Best\u00e4tigung von Trainer Thomas Nonnato und Torwarttrainer Nicola Maffoni, ist es uns gelungen einen weiteren Fachmann in den Trainerstab zu holen.<br \/>\nNicol\u00f2 Varesco wird in der kommenden Saison gemeinsam mit Thomas Nonnato an der Seitenlinie stehen und in unserem Jugendsektor mitarbeiten. Nicol\u00f2 Varesco, hat sich bereits einen sehr bekannten Namen im Jugendsektor und zuletzt als CO.Trainer von Trainerfuchs Flavio Toccoli beim AC Trento SCSD gemacht.<br \/>\nWeiterhin wird Vanzetta Gabriele unsere Spieler als Physiotherapeut betreuen. Und nicht zuletzt m\u00f6chten wir Roberto Leoni im Betreuerstab erw\u00e4hnen, der Mann f\u00fcr alles, der unsere Jungs zu jeder Zeit verw\u00f6hnt!<\/p>\n<p>&nbsp;<\/p>\n<p><a href=\"http:\/\/www.weinstrassesued.com\/wp-content\/uploads\/2020\/07\/FB_IMG_1593637002855.jpg\"><img decoding=\"async\" loading=\"lazy\" class=\"alignnone size-medium wp-image-19594\" src=\"http:\/\/www.weinstrassesued.com\/wp-content\/uploads\/2020\/07\/FB_IMG_1593637002855-300x293.jpg\" alt=\"FB_IMG_1593637002855\" width=\"300\" height=\"293\" srcset=\"http:\/\/www.weinstrassesued.com\/wp-content\/uploads\/2020\/07\/FB_IMG_1593637002855-300x293.jpg 300w, http:\/\/www.weinstrassesued.com\/wp-content\/uploads\/2020\/07\/FB_IMG_1593637002855-179x175.jpg 179w, http:\/\/www.weinstrassesued.com\/wp-content\/uploads\/2020\/07\/FB_IMG_1593637002855.jpg 960w\" sizes=\"(max-width: 300px) 100vw, 300px\" \/><\/a><\/p>\n<p>&nbsp;<\/p>\n<p><a href=\"http:\/\/www.weinstrassesued.com\/wp-content\/uploads\/2020\/07\/FB_IMG_1593637018882.jpg\"><img decoding=\"async\" loading=\"lazy\" class=\"alignnone size-medium wp-image-19595\" src=\"http:\/\/www.weinstrassesued.com\/wp-content\/uploads\/2020\/07\/FB_IMG_1593637018882-294x300.jpg\" alt=\"FB_IMG_1593637018882\" width=\"294\" height=\"300\" srcset=\"http:\/\/www.weinstrassesued.com\/wp-content\/uploads\/2020\/07\/FB_IMG_1593637018882-294x300.jpg 294w, http:\/\/www.weinstrassesued.com\/wp-content\/uploads\/2020\/07\/FB_IMG_1593637018882-172x175.jpg 172w, http:\/\/www.weinstrassesued.com\/wp-content\/uploads\/2020\/07\/FB_IMG_1593637018882.jpg 640w\" sizes=\"(max-width: 294px) 100vw, 294px\" \/><\/a><\/p>\n<p><!--more--><\/p>\n","protected":false},"excerpt":{"rendered":"<p>Nach der Best\u00e4tigung von Trainer Thomas Nonnato und Torwarttrainer Nicola Maffoni, ist es uns gelungen einen weiteren Fachmann in den Trainerstab zu holen. Nicol\u00f2 Varesco wird in der kommenden Saison gemeinsam mit Thomas Nonnato an der Seitenlinie stehen und in unserem Jugendsektor mitarbeiten. Nicol\u00f2 Varesco, hat sich bereits einen sehr [&hellip;]<\/p>\n","protected":false},"author":12,"featured_media":19596,"comment_status":"closed","ping_status":"closed","sticky":false,"template":"","format":"standard","meta":[],"categories":[1],"tags":[],"_links":{"self":[{"href":"http:\/\/www.weinstrassesued.com\/index.php?rest_route=\/wp\/v2\/posts\/19593"}],"collection":[{"href":"http:\/\/www.weinstrassesued.com\/index.php?rest_route=\/wp\/v2\/posts"}],"about":[{"href":"http:\/\/www.weinstrassesued.com\/index.php?rest_route=\/wp\/v2\/types\/post"}],"author":[{"embeddable":true,"href":"http:\/\/www.weinstrassesued.com\/index.php?rest_route=\/wp\/v2\/users\/12"}],"replies":[{"embeddable":true,"href":"http:\/\/www.weinstrassesued.com\/index.php?rest_route=%2Fwp%2Fv2%2Fcomments&post=19593"}],"version-history":[{"count":1,"href":"http:\/\/www.weinstrassesued.com\/index.php?rest_route=\/wp\/v2\/posts\/19593\/revisions"}],"predecessor-version":[{"id":19597,"href":"http:\/\/www.weinstrassesued.com\/index.php?rest_route=\/wp\/v2\/posts\/19593\/revisions\/19597"}],"wp:featuredmedia":[{"embeddable":true,"href":"http:\/\/www.weinstrassesued.com\/index.php?rest_route=\/wp\/v2\/media\/19596"}],"wp:attachment":[{"href":"http:\/\/www.weinstrassesued.com\/index.php?rest_route=%2Fwp%2Fv2%2Fmedia&parent=19593"}],"wp:term":[{"taxonomy":"category","embeddable":true,"href":"http:\/\/www.weinstrassesued.com\/index.php?rest_route=%2Fwp%2Fv2%2Fcategories&post=19593"},{"taxonomy":"post_tag","embeddable":true,"href":"http:\/\/www.weinstrassesued.com\/index.php?rest_route=%2Fwp%2Fv2%2Ftags&post=19593"}],"curies":[{"name":"wp","href":"https:\/\/api.w.org\/{rel}","templated":true}]}}