{"id":19274,"date":"2018-10-23T14:22:55","date_gmt":"2018-10-23T12:22:55","guid":{"rendered":"http:\/\/www.weinstrassesued.com\/?p=19274"},"modified":"2018-10-23T14:25:14","modified_gmt":"2018-10-23T12:25:14","slug":"laeuft-bei-der-reserve","status":"publish","type":"post","link":"http:\/\/www.weinstrassesued.com\/?p=19274","title":{"rendered":"&#8222;L\u00e4uft, bei der Reserve&#8220;"},"content":{"rendered":"<p>Nach Medienschelte der Bosse:<\/p>\n<p>&#8222;L\u00e4uft, bei der Reserve&#8220;<\/p>\n<p>Es war Montag der 17.09.2018 als die F\u00fchrungs-Etage des Unterlander Spitzenvereins SSV Weinstra\u00dfe S\u00fcd, p\u00fcnktlich\u00a0um 12 Uhr mittags zur Presserunde lud.<br \/>\nZahlreiche Medienvertreter waren der Einladung gefolgt um kurz darauf von den Vereins Obersten so ordentlich zusammengestaucht zu werden.<br \/>\nDoch was war geschehen? Nachdem die Reserve Mannschaft\u00a0der Weinstra\u00dfe S\u00fcd, 2 Tage zuvor das Ausw\u00e4rtsspiel bei der 2-Vertretung von Barbian\/Villanders mit 3:4 vergeigte, war die Mannschaft anschlie\u00dfend\u00a0in der lokalen Medienlandschaft hart angegangen und aufs \u00fcbelste kritisiert worden.<\/p>\n<p>Manche Spieler wurden trotz ihrer Erfolge in der Vergangenheit als zu alt und zu langsam bezeichnet \u2013 <em>&#8222;zu \u00fcberzeugen wissen die Spieler nur noch am Abend am Tresen&#8220; <\/em>\u2013 so der fast einheitliche Tenor der Presse.<\/p>\n<p>Grund genug f\u00fcr die F\u00fchrungsriege mal so richtig auf den Tisch zu hauen,\u00a0die S\u00e4bel zu wetzen,\u00a0sich geschlossen vor die Mannschaft zu stellen und zum Gegenschlag auszuholen.<\/p>\n<p>\u201eKritik, solange sie sachlich bleibt, nehmen wir gerne an \u2013 aber der Dreck was in den letzten Tagen \u00fcber unsere Spieler geschrieben wurde, geht eindeutig zu weit.\u201c<\/p>\n<p>Ein klarer Affront gegen die stets stichelnde und immer kritische heimische Presse wie das <em>\u201eKurtatscher Gemeindeblatt\u201c<\/em> und \u00a0das \u201e<em>Margreider Dorfblatt\u201c, <\/em>welche zuletzt gar die Fitness und das\u00a0ausschweifende Nachtleben einiger Spieler in Frage stellten.<\/p>\n<p>\u201eMan werde seine Spieler bis aufs letzte verteidigen\u201c \u2013 polterte es\u00a0aus den Mikrofonen der Bosse.<\/p>\n<p>Mit dem Zitat \u201eDie W\u00fcrde des Menschen ist unantastbar\u201c wurde schlie\u00dflich\u00a0tats\u00e4chlich auch\u00a0noch aus dem Grundgesetz zitiert und damit schloss man\u00a0dann auch\u00a0die denkw\u00fcrdige Pressekonferenz.<\/p>\n<p>Unantastbar, das blieben dann auch die Ergebnisse, welche die Reserve Mannschaft des SSV Weinstra\u00dfe S\u00fcd anschlie\u00dfend aufs Parkett zauberte.<\/p>\n<p>In einer schier unbeschreiblichen Art und Weise wurde anschlie\u00dfend ein Gegner nach dem Anderen in die Schranken gewiesen und nach einer Siegesserie von mittlerweile 5 Spielen, sonnt man sich mittlerweile an der Tabellenspitze.<\/p>\n<p>3:1 Sieg gegen Kaltern, 7:1 Feuerwerk in Auer, 3:2 Heimsieg gegen Ritten, ein denkw\u00fcrdiges 3:2 beim Spitzenspiel in Leifers und am Freitag ein 4:0 Sieg gegen Steinegg, so lauteten die letzten Ergebnisse unserer Reserve.<\/p>\n<p>Die sch\u00fctzende Hand \u00fcber die Mannschaft und der Medien-Tadel seitens der Vereinsf\u00fchrung, er hatte also Fr\u00fcchte getragen. Die Spieler spielen sich seit Wochen in einen Rausch und einer tollen Leistung folgt auch schon die N\u00e4chste.<\/p>\n<p>Dies alles, seit kein Spieler mehr bef\u00fcrchten muss, aufgrund schlechter Leistung von der Presse durch den Kakao gezogen zu werden.<\/p>\n<p>Anders kann man sich\u00a0auch den Lauf unseres St\u00fcrmers Lukas Mair nicht erkl\u00e4ren.<\/p>\n<p>In den letzten 4 Spielen ritzte \u201eLuttl\u201c nicht weniger als 11 Kerben in die generischen Geh\u00e4use.<\/p>\n<p>Aktuell kriselnde Mannschaften wie z.B. die K\u00f6niglichen aus Madrid sollen Ger\u00fcchten zu Folge bereits ihre Chef-Scouts beauftragt haben den aktuell mit 14 Buden f\u00fchrenden der ligainternen Torj\u00e4gerliste, zu beobachten. So einen torgeilen Hund k\u00f6nnte Real aktuell auch wirklich ganz gut gebrauchen.<\/p>\n<p>Den momentanen Erfolgslauf kann man klarerweise nicht nur an einen Spieler fest machen.<\/p>\n<p>Die homogene Geschlossenheit der gesamten Mannschaft, und die beinhaltet nicht nur die 11 Spieler welche auf dem Platz stehen, nein auch die Spieler was von der Bank kommen oder verletzt fehlen, sucht im Moment seines Gleichen.<\/p>\n<p>Im Tor verleiht Tobias Terzer alias \u201eTT\u201c der Hintermannschaft mit soliden Auftritten\u00a0eine stabile Basis, worauf die Abwehr rund um Strobl, \u201eFouna\u201c und Co. aufbauen kann.<\/p>\n<p>Im Mittelfeld dirigiert Clemens Sanoll das Orchester und zieht in Zusammenarbeit mit unserem Abr\u00e4umer Wegher Ivan geschickt die F\u00e4den.<\/p>\n<p>\u00dcber die Fl\u00fcgel hat man im Moment ein fast nie da gewesenes Tempo und die vorhandenen\u00a0PS werden durch Julian Augustin und Joachim \u201eSenki\u201c Daum auf die Stra\u00dfe gebracht.<\/p>\n<p>Im Sturm bilden Daniel Tomasini und Ren\u00e8 Roccabruna in Kombination mit Lukas Mair ein stets gef\u00e4hrliches Duo.<\/p>\n<p>Nicht zu vergessen ist dabei auch noch unser Abwehr-Rauhbein Peter Dibiasi. Fu\u00dfballerisch spielt er gut wie immer &#8211; mehr auffallen tut er jedoch als knallharter &#8222;Steuer-Eintreiber&#8220;, welcher seinen Mitspielern das Geld f\u00fcr Strafen aus den Socken saugt als w\u00e4re er beim italienischen Fiskus bedienstet.<\/p>\n<p>Schreit eindeutig nach &#8222;Mallorca 2019 -wir sind dabei&#8220; &#8211; wenn das so weiter geht.<\/p>\n<p>Auch ist es sich kaum\u00a0auszudenken, wie stark die Mannschaft w\u00e4re wenn auch noch die Verletzen Spieler alle an Bord w\u00e4ren.<\/p>\n<p>Mit Fabian Cassar, auch bekannt als \u201ePipita Higuain\u201c (der vielleicht b\u00e4rtigste Spieler der Liga), Manuel Walter \u201eWoldo\u201c (eine Kopfball-Legende der Liga) und Hannes Schwarz (der fu\u00dfballerisch-begrenzte aber\u00a0vielleicht sch\u00f6nste Spieler der Liga), fehlen der Mannschaft im Moment doch einige Schwergewichte.<\/p>\n<p>Nichts desto trotz ist es unserem Trainer Stefan Gruber gelungen mit dem vorhanden Spieler-Personal die Mannschaft wieder\u00a0in die Erfolgs-Spur zu f\u00fchren und der Weg soll dabei wei\u00df Gott noch nicht zu Ende sein.<\/p>\n<p>Weiter f\u00fcr unsere Reserve geht es am kommenden Freitag in Petersberg, wenn es\u00a0gegen die Jungs der FZ Aldein\/Petersberg geht.<\/p>\n<p>Der Kartenvorverkauf daf\u00fcr startet am kommenden Donnerstag. Kinder d\u00fcrfen den bereits organisierten\u00a0Reisebus gratis nutzen.<\/p>\n<p>&nbsp;<\/p>\n<p><em>by H.S.\u00a0 die Administratorin \u00fcbernimmt keine Haftung \ud83d\ude42<\/em><\/p>\n<p><em>\u00a0<\/em><\/p>\n<p><em>\u00a0<\/em><\/p>\n<p>&nbsp;<\/p>\n","protected":false},"excerpt":{"rendered":"<p>Nach Medienschelte der Bosse: &#8222;L\u00e4uft, bei der Reserve&#8220; Es war Montag der 17.09.2018 als die F\u00fchrungs-Etage des Unterlander Spitzenvereins SSV Weinstra\u00dfe S\u00fcd, p\u00fcnktlich\u00a0um 12 Uhr mittags zur Presserunde lud. Zahlreiche Medienvertreter waren der Einladung gefolgt um kurz darauf von den Vereins Obersten so ordentlich zusammengestaucht zu werden. Doch was war [&hellip;]<\/p>\n","protected":false},"author":12,"featured_media":19221,"comment_status":"closed","ping_status":"closed","sticky":false,"template":"","format":"standard","meta":[],"categories":[3,5],"tags":[],"_links":{"self":[{"href":"http:\/\/www.weinstrassesued.com\/index.php?rest_route=\/wp\/v2\/posts\/19274"}],"collection":[{"href":"http:\/\/www.weinstrassesued.com\/index.php?rest_route=\/wp\/v2\/posts"}],"about":[{"href":"http:\/\/www.weinstrassesued.com\/index.php?rest_route=\/wp\/v2\/types\/post"}],"author":[{"embeddable":true,"href":"http:\/\/www.weinstrassesued.com\/index.php?rest_route=\/wp\/v2\/users\/12"}],"replies":[{"embeddable":true,"href":"http:\/\/www.weinstrassesued.com\/index.php?rest_route=%2Fwp%2Fv2%2Fcomments&post=19274"}],"version-history":[{"count":1,"href":"http:\/\/www.weinstrassesued.com\/index.php?rest_route=\/wp\/v2\/posts\/19274\/revisions"}],"predecessor-version":[{"id":19275,"href":"http:\/\/www.weinstrassesued.com\/index.php?rest_route=\/wp\/v2\/posts\/19274\/revisions\/19275"}],"wp:featuredmedia":[{"embeddable":true,"href":"http:\/\/www.weinstrassesued.com\/index.php?rest_route=\/wp\/v2\/media\/19221"}],"wp:attachment":[{"href":"http:\/\/www.weinstrassesued.com\/index.php?rest_route=%2Fwp%2Fv2%2Fmedia&parent=19274"}],"wp:term":[{"taxonomy":"category","embeddable":true,"href":"http:\/\/www.weinstrassesued.com\/index.php?rest_route=%2Fwp%2Fv2%2Fcategories&post=19274"},{"taxonomy":"post_tag","embeddable":true,"href":"http:\/\/www.weinstrassesued.com\/index.php?rest_route=%2Fwp%2Fv2%2Ftags&post=19274"}],"curies":[{"name":"wp","href":"https:\/\/api.w.org\/{rel}","templated":true}]}}