{"id":19113,"date":"2018-09-02T22:05:35","date_gmt":"2018-09-02T20:05:35","guid":{"rendered":"http:\/\/www.weinstrassesued.com\/?p=19113"},"modified":"2018-09-10T12:02:15","modified_gmt":"2018-09-10T10:02:15","slug":"gerechtes-unentschieden-zum-auftakt","status":"publish","type":"post","link":"http:\/\/www.weinstrassesued.com\/?p=19113","title":{"rendered":"Gerechtes Unentschieden zum Auftakt"},"content":{"rendered":"<p>Mit einem leistungsgerechten 1-1 Unentschieden startete unsere 2. Mannschaft gegen die Zweit-Vertretung des ASV Steinegg in die neue Saison.<\/p>\n<p>Bei der R\u00fcckkehr unseres Pr\u00e4sidenten Stefan Gruber auf die Trainerbank wusste man dabei nur im 1. Abschnitt zu \u00dcberzeugen.<\/p>\n<p>&nbsp;<\/p>\n<p>Aufstellung: Terzer; Kofler, Larcher, Dibiasi, Zemmer, Mair, Sanoll, Ranigler, Piger (ab 75. Plattner), Tomasini (ab 68. Daum),\u00a0Roccabruna (ab 78. Cassar)<\/p>\n<p>&nbsp;<\/p>\n<p>Tore: 1-0 Tomasini (25.min)<\/p>\n<p>1-1 Vieider (63. min)<\/p>\n<p>&nbsp;<\/p>\n<p>Kommen wir zum Spiel.<\/p>\n<p>&nbsp;<\/p>\n<p>Bei Flutlicht tobte die Menge als der Schiedsrichter am Freitagabend p\u00fcnktlich um 20:30 Uhr das Spieljahr 2018\/2019 er\u00f6ffnete.<\/p>\n<p>Nein, im Ernst, kaum jemand hatte sich bei strengem Nebel und Schmuddel-Wetter in die Sportzone von Steinegg verirrt. Es war aber auch Arsch ungem\u00fctlich.<\/p>\n<p>Erstmals \u00fcberhaupt f\u00fchrte unser Stammes\u00e4ltester Spieler Daniel Tomasini (Jahrgang 1987) unsere 11 aufs Feld.<\/p>\n<p>Gepusht durch die Kapit\u00e4nsschleife war er in den Anfangsminuten ein steter Unruheherd f\u00fcr die Steinegger Abwehrreihen und kam es schon sehr fr\u00fch, mehrmals \u00a0mehr oder weniger gef\u00e4hrlich, zum Torabschluss.<\/p>\n<p>Gr\u00f6\u00dfer als seine Motivation an jenem Abend, wirkte dabei nur der \u00fcber den Sommer antrainierte Bierbauch einiger seiner Mitspieler.<\/p>\n<p>Sei\u2019s drum, unsere Mannschaft diktierte die Anfangsphase. Dank einiger durchaus ansehnlicher Kombinationen aus dem Mittelfeld raus, kamen in der Folge auch Ren\u00e8 Roccabrunna (12) und Hannes Piger (18) zu Torabschl\u00fcssen, welche jedoch \u00fcber oder neben den gegnerischen Kasten gingen.<\/p>\n<p>Zwischendurch war es derart neblig, dass bis zur 10. Minute niemand bemerkt hatte, dass auf der gegen\u00fcberliegenden Seite des Spielfeldes nicht einmal ein Linienrichter anwesend war.<\/p>\n<p>Ein Steinegger Reserve Spieler erbarmte sich und \u00fcbernahm fortan das wichtige Amt des Linienw\u00e4chters.<\/p>\n<p>Zur\u00fcck zum Spiel.<\/p>\n<p>Bis zur F\u00fchrung dauerte es dann aber nicht mehr lange und so war es K\u00e4pt\u2019n Blaub\u00e4r Daniel Tomasini, welcher in Minute 25 erstmals in dieser Saison f\u00fcr unsere Mannschaft anschrieb und die Glocken klingeln lie\u00df.<\/p>\n<p>Nachdem unsere Mannschaft \u00fcber rechts den Gegner hochpresste und unter Druck setzte, waren die Steinegger zu einem Fehlpass gezwungen und Tomasini machte sich in Begleitung eines gegnerischen Verteidigers mit dem Ball am Fu\u00df, auf in Richtung gegnerisches Geh\u00e4use.<\/p>\n<p>Aus etwa 10 Meter Torentfernung fackelte er den Ball \u201e\u00e0 la bonne heur&#8220; mit dem rechten Innenrist zur verdienten F\u00fchrung in die linke Torecke.<\/p>\n<p>Mit der F\u00fchrung im R\u00fccken bestimmte unsere Mannschaft weiterhin das Geschehen, musste jedoch auf die langen B\u00e4lle der Steinegger aufpassen, welche das ein und andere Mal aus unseren eigenen Eckb\u00e4llen, gef\u00e4hrliche Konter einleiteten. Unsere Abwehr wackelte zwar kurzzeitig, bot jedoch bis dahin eine recht souver\u00e4ne Leistung und hielt auch dem nun etwas gr\u00f6\u00dfer werdenden Druck der Heimmannschaft mit vereinten Kr\u00e4ften Stand.<\/p>\n<p>Die letzten Minuten der 1. Halbzeit bestanden aus einer Eckball-Orgie Seitens des ASV Steinegg und einer Riesengelegenheit von Tomasini, der die Pille jedoch aus aussichtsreicher Position \u00fcberhastet \u00fcber die Kiste semmelte.<\/p>\n<p>Mit einem durchaus guten Gef\u00fchl ging es schlie\u00dflich zum Pausentee.<\/p>\n<p>Zu Beginn der 2. Halbzeit legte dann der Regen nochmals eine Schippe drauf und als Zuschauer fragte man sich wo denn der Bernhardiner Hund mit dem kleinen Schnapsfass um seinen Hals blieb? Eine kleine Erw\u00e4rmung dieser Art w\u00e4re sehr willkommen gewesen.<\/p>\n<p>Eher unwillkommen f\u00fcr unsere Mannschaft war dagegen die Tatsache, dass die Mannschaft von Steinegg nun von Minute zu Minute das Heft mehr und mehr an sich riss und unsere Offensive nicht mehr zur Entfaltung kommen lie\u00df.<\/p>\n<p>Besonders im Mittelfeld war die Heimmannschaft nun deutlich pr\u00e4senter und entschied die wichtigen Zweik\u00e4mpfe f\u00fcr sich.<\/p>\n<p>60.Minute. Nach ein paar unsererseits verlorener Pressb\u00e4lle schlich sich pl\u00f6tzlich ein Steinegger Spieler \u00fcber links davon wie ein Pudel und steuerte aufs Tor zu, doch unser Neo-Torh\u00fcter Tobias Terzer verk\u00fcrzte geschickt den Winkel und flexte den Ball mit toller Fussabwehr ins Toraus.<\/p>\n<p>Der Ausgleich lag nun in der Luft und kurz darauf fiel er auch.<\/p>\n<p>Nach einem Steinegger-Eckball in Minute 63. spielte unser Abwehrass Tobias Zemmer den Ball im Strafraum ungl\u00fccklich mit der Hand. In Volleyball Manier hechtete er zu Boden und ber\u00fchrte das Leder auf Knieh\u00f6he mit der Hand. W\u00e4re er Torwart, w\u00fcrde man von einem tollen Reflex sprechen.<\/p>\n<p>Den f\u00e4lligen Elfmeter versenkte man schmucklos, mittig ins Tor.<\/p>\n<p>In der Schlussphase der Begegnung machte die 11 aus Steinegg den k\u00f6rperlich besseren Eindruck und man hatte den Eindruck , wenn hier heute noch ein Tor f\u00e4llt, dann wird es wohl auf Seiten der Heimmannschaft fallen.<\/p>\n<p>Unsere Mannschaft wurde noch durch eine abgerissene Flanke von Matth\u00e4us Ranigler (74) und durch einen Distanzschuss von \u201eEl Pepita\u201c Fabian Cassar (84) gef\u00e4hrlich, hatte aber kein Abschlussgl\u00fcck mehr.<\/p>\n<p>Gl\u00fcck fehlte auch beim allerletzten Angriff in Minute 90 als ein Steinegger Abwehrspieler einen Torschuss in Kombination aus Hand und H\u00fcfte abwehrte.<\/p>\n<p>Ein Pfiff seitens des Schiedsrichters blieb jedoch aus und so trennten wir uns vom ASV Steinegg schiedlich friedlich mit 1-1<\/p>\n<p>&nbsp;<\/p>\n<p>\u00a9H.S.<\/p>\n<p>&nbsp;<\/p>\n<p>&nbsp;<\/p>\n","protected":false},"excerpt":{"rendered":"<p>Mit einem leistungsgerechten 1-1 Unentschieden startete unsere 2. Mannschaft gegen die Zweit-Vertretung des ASV Steinegg in die neue Saison. Bei der R\u00fcckkehr unseres Pr\u00e4sidenten Stefan Gruber auf die Trainerbank wusste man dabei nur im 1. Abschnitt zu \u00dcberzeugen. &nbsp; Aufstellung: Terzer; Kofler, Larcher, Dibiasi, Zemmer, Mair, Sanoll, Ranigler, Piger (ab [&hellip;]<\/p>\n","protected":false},"author":12,"featured_media":19114,"comment_status":"closed","ping_status":"closed","sticky":false,"template":"","format":"standard","meta":[],"categories":[1,5],"tags":[],"_links":{"self":[{"href":"http:\/\/www.weinstrassesued.com\/index.php?rest_route=\/wp\/v2\/posts\/19113"}],"collection":[{"href":"http:\/\/www.weinstrassesued.com\/index.php?rest_route=\/wp\/v2\/posts"}],"about":[{"href":"http:\/\/www.weinstrassesued.com\/index.php?rest_route=\/wp\/v2\/types\/post"}],"author":[{"embeddable":true,"href":"http:\/\/www.weinstrassesued.com\/index.php?rest_route=\/wp\/v2\/users\/12"}],"replies":[{"embeddable":true,"href":"http:\/\/www.weinstrassesued.com\/index.php?rest_route=%2Fwp%2Fv2%2Fcomments&post=19113"}],"version-history":[{"count":3,"href":"http:\/\/www.weinstrassesued.com\/index.php?rest_route=\/wp\/v2\/posts\/19113\/revisions"}],"predecessor-version":[{"id":19117,"href":"http:\/\/www.weinstrassesued.com\/index.php?rest_route=\/wp\/v2\/posts\/19113\/revisions\/19117"}],"wp:featuredmedia":[{"embeddable":true,"href":"http:\/\/www.weinstrassesued.com\/index.php?rest_route=\/wp\/v2\/media\/19114"}],"wp:attachment":[{"href":"http:\/\/www.weinstrassesued.com\/index.php?rest_route=%2Fwp%2Fv2%2Fmedia&parent=19113"}],"wp:term":[{"taxonomy":"category","embeddable":true,"href":"http:\/\/www.weinstrassesued.com\/index.php?rest_route=%2Fwp%2Fv2%2Fcategories&post=19113"},{"taxonomy":"post_tag","embeddable":true,"href":"http:\/\/www.weinstrassesued.com\/index.php?rest_route=%2Fwp%2Fv2%2Ftags&post=19113"}],"curies":[{"name":"wp","href":"https:\/\/api.w.org\/{rel}","templated":true}]}}