{"id":18746,"date":"2017-09-08T19:24:30","date_gmt":"2017-09-08T17:24:30","guid":{"rendered":"http:\/\/www.weinstrassesued.com\/?p=18746"},"modified":"2017-09-08T19:24:30","modified_gmt":"2017-09-08T17:24:30","slug":"unser-naechster-gegner-asv-freienfeld","status":"publish","type":"post","link":"http:\/\/www.weinstrassesued.com\/?p=18746","title":{"rendered":"Unser n\u00e4chster Gegner ASV Freienfeld"},"content":{"rendered":"<p>Der ASV Freienfeld spielt heuer die zweite Saison in der Landesliga. Voriges Jahr schafften sie\u00a0durch ihre lauf- und kampfstarke Leistung den Klassenerhalt und heuer im zweiten Jahr Landesliga gilt es die vorherige Saisonsleistung zu best\u00e4tigen.\u00a0Die Mannschaft\u00a0hat den Sturm mit Neuzugang Patrick Graus verst\u00e4rkt\u00a0, der im Vorjahr immerhin 20 Tore bei Wiesen in der dritten Amateurliga geschossen hat.\u00a0 Anderseits stehen Trainer Alberti heuer der Tormann Patrick Pasquazzo, Mittefeldspieler Michael Siller und St\u00fcrmer Kevin Holzner nicht mehr\u00a0zur Verf\u00fcgung. Zudem hat sich letzte Woche auch noch Mittefeldstratege Manuel Festini verletzt, der vermutlich durch Manuel Montalto ersetzt wird, der nach einer Verletzungspause erstmalig wieder auflaufen wird.<\/p>\n<p>Somit stehen die Voraussetzungen f\u00fcr Freienfeld alles andere als gut, demzufolge sollte f\u00fcr unser Team ein Sieg Pflicht sein, wenngleich auch wir immer noch auf unseren St\u00fcrmer Barbetti Claudio\u00a0verzichten m\u00fcssen, da er aufgrund einer Verletzung pausieren muss.<\/p>\n<p>Jedenfalls wird Freienfeld alles daran setzen, zumindest einen Punkt nach Hause zu nehmen und wir m\u00fcssen ihnen k\u00e4mpferisch die Stirn zeigen, wenn wir drei Punkte mehr aufs Konto haben wollen.<\/p>\n","protected":false},"excerpt":{"rendered":"<p>Der ASV Freienfeld spielt heuer die zweite Saison in der Landesliga. Voriges Jahr schafften sie\u00a0durch ihre lauf- und kampfstarke Leistung den Klassenerhalt und heuer im zweiten Jahr Landesliga gilt es die vorherige Saisonsleistung zu best\u00e4tigen.\u00a0Die Mannschaft\u00a0hat den Sturm mit Neuzugang Patrick Graus verst\u00e4rkt\u00a0, der im Vorjahr immerhin 20 Tore bei [&hellip;]<\/p>\n","protected":false},"author":12,"featured_media":18747,"comment_status":"closed","ping_status":"closed","sticky":false,"template":"","format":"standard","meta":[],"categories":[4,1,3],"tags":[],"_links":{"self":[{"href":"http:\/\/www.weinstrassesued.com\/index.php?rest_route=\/wp\/v2\/posts\/18746"}],"collection":[{"href":"http:\/\/www.weinstrassesued.com\/index.php?rest_route=\/wp\/v2\/posts"}],"about":[{"href":"http:\/\/www.weinstrassesued.com\/index.php?rest_route=\/wp\/v2\/types\/post"}],"author":[{"embeddable":true,"href":"http:\/\/www.weinstrassesued.com\/index.php?rest_route=\/wp\/v2\/users\/12"}],"replies":[{"embeddable":true,"href":"http:\/\/www.weinstrassesued.com\/index.php?rest_route=%2Fwp%2Fv2%2Fcomments&post=18746"}],"version-history":[{"count":1,"href":"http:\/\/www.weinstrassesued.com\/index.php?rest_route=\/wp\/v2\/posts\/18746\/revisions"}],"predecessor-version":[{"id":18748,"href":"http:\/\/www.weinstrassesued.com\/index.php?rest_route=\/wp\/v2\/posts\/18746\/revisions\/18748"}],"wp:featuredmedia":[{"embeddable":true,"href":"http:\/\/www.weinstrassesued.com\/index.php?rest_route=\/wp\/v2\/media\/18747"}],"wp:attachment":[{"href":"http:\/\/www.weinstrassesued.com\/index.php?rest_route=%2Fwp%2Fv2%2Fmedia&parent=18746"}],"wp:term":[{"taxonomy":"category","embeddable":true,"href":"http:\/\/www.weinstrassesued.com\/index.php?rest_route=%2Fwp%2Fv2%2Fcategories&post=18746"},{"taxonomy":"post_tag","embeddable":true,"href":"http:\/\/www.weinstrassesued.com\/index.php?rest_route=%2Fwp%2Fv2%2Ftags&post=18746"}],"curies":[{"name":"wp","href":"https:\/\/api.w.org\/{rel}","templated":true}]}}