{"id":18663,"date":"2017-06-14T18:12:49","date_gmt":"2017-06-14T16:12:49","guid":{"rendered":"http:\/\/www.weinstrassesued.com\/?p=18663"},"modified":"2017-06-14T18:57:04","modified_gmt":"2017-06-14T16:57:04","slug":"lorenz-pedrotti-haengt-fussballschuhe-an-den-nagel","status":"publish","type":"post","link":"http:\/\/www.weinstrassesued.com\/?p=18663","title":{"rendered":"Lorenz Pedrotti h\u00e4ngt Fussballschuhe an den Nagel"},"content":{"rendered":"<p>Nachdem\u00a0er \u00fcber ein Jahrzehnt die Knochen f\u00fcr unseren Verein hingehalten hat,\u00a0hat sich Lorenz Pedrotti\u00a0nun entschieden\u00a0aus der Kampfmannschaft zur\u00fcckzutreten.<\/p>\n<p>Lorenz war schon dabei, als Weinstrasse S\u00fcd in der 2. Amateurliga noch ganz am Anfang seines Weges stand.\u00a0Er steht also wie nur wenige f\u00fcr den\u00a0langsamen aber steten Aufstiegs unseres Klubs, der im letzten Jahr im Aufstieg in die Oberliga gipfelte.\u00a0Der Klassenerhalt w\u00e4re das passende Sahneh\u00e4ubchen auf seine Karriere gewesen, leider blieb Lorenz diese Genugtuung verwehrt.<\/p>\n<p>Der Verein m\u00f6chte sich bei Lorenz f\u00fcr seinen langj\u00e4hrigen, vorbildlichen Einsatz\u00a0bedanken und w\u00fcnscht ihm f\u00fcr seine Zukunft alles Gute.<\/p>\n","protected":false},"excerpt":{"rendered":"<p>Nachdem\u00a0er \u00fcber ein Jahrzehnt die Knochen f\u00fcr unseren Verein hingehalten hat,\u00a0hat sich Lorenz Pedrotti\u00a0nun entschieden\u00a0aus der Kampfmannschaft zur\u00fcckzutreten. Lorenz war schon dabei, als Weinstrasse S\u00fcd in der 2. Amateurliga noch ganz am Anfang seines Weges stand.\u00a0Er steht also wie nur wenige f\u00fcr den\u00a0langsamen aber steten Aufstiegs unseres Klubs, der im [&hellip;]<\/p>\n","protected":false},"author":12,"featured_media":18665,"comment_status":"closed","ping_status":"closed","sticky":false,"template":"","format":"standard","meta":[],"categories":[4,1,3],"tags":[],"_links":{"self":[{"href":"http:\/\/www.weinstrassesued.com\/index.php?rest_route=\/wp\/v2\/posts\/18663"}],"collection":[{"href":"http:\/\/www.weinstrassesued.com\/index.php?rest_route=\/wp\/v2\/posts"}],"about":[{"href":"http:\/\/www.weinstrassesued.com\/index.php?rest_route=\/wp\/v2\/types\/post"}],"author":[{"embeddable":true,"href":"http:\/\/www.weinstrassesued.com\/index.php?rest_route=\/wp\/v2\/users\/12"}],"replies":[{"embeddable":true,"href":"http:\/\/www.weinstrassesued.com\/index.php?rest_route=%2Fwp%2Fv2%2Fcomments&post=18663"}],"version-history":[{"count":1,"href":"http:\/\/www.weinstrassesued.com\/index.php?rest_route=\/wp\/v2\/posts\/18663\/revisions"}],"predecessor-version":[{"id":18664,"href":"http:\/\/www.weinstrassesued.com\/index.php?rest_route=\/wp\/v2\/posts\/18663\/revisions\/18664"}],"wp:featuredmedia":[{"embeddable":true,"href":"http:\/\/www.weinstrassesued.com\/index.php?rest_route=\/wp\/v2\/media\/18665"}],"wp:attachment":[{"href":"http:\/\/www.weinstrassesued.com\/index.php?rest_route=%2Fwp%2Fv2%2Fmedia&parent=18663"}],"wp:term":[{"taxonomy":"category","embeddable":true,"href":"http:\/\/www.weinstrassesued.com\/index.php?rest_route=%2Fwp%2Fv2%2Fcategories&post=18663"},{"taxonomy":"post_tag","embeddable":true,"href":"http:\/\/www.weinstrassesued.com\/index.php?rest_route=%2Fwp%2Fv2%2Ftags&post=18663"}],"curies":[{"name":"wp","href":"https:\/\/api.w.org\/{rel}","templated":true}]}}