{"id":18657,"date":"2017-05-29T11:48:13","date_gmt":"2017-05-29T09:48:13","guid":{"rendered":"http:\/\/www.weinstrassesued.com\/?p=18657"},"modified":"2017-05-29T11:48:13","modified_gmt":"2017-05-29T09:48:13","slug":"1-mannschaft-planungen-fuer-die-naechste-saison-sind-grossteils-abgeschlossen","status":"publish","type":"post","link":"http:\/\/www.weinstrassesued.com\/?p=18657","title":{"rendered":"1. Mannschaft: Planungen f\u00fcr die n\u00e4chste Saison sind gro\u00dfteils abgeschlossen"},"content":{"rendered":"<p>Die Planungen f\u00fcr die Landesligameisterschaft 2017\/2018 sind schon weit fortgeschritten. Nachdem bereits in der letzten Woche der Name des neuen Trainers Marco Marzari\u00a0bekannt gegeben wurde, steht nun auch zu gro\u00dfen Teilen der Kader f\u00fcr die neue Saison.<\/p>\n<p>Im Tor wird Andrea Donato aus Salurn zu uns sto\u00dfen. Der Bozner hat\u00a0vor seiner Zeit bei\u00a0den Unterlandlern beim Bozner FC bereits Oberligaluft schnuppern k\u00f6nnen. Ebenfalls aus Salurn wird Mattia Laghi\u00a0kommen, der im Mittefeld\u00a0Fabio Zadra ersetzen wird.\u00a0Der gro\u00df gewachsene\u00a0Aufbauspieler\u00a0soll im n\u00e4chsten Jahr Regie in unserem Spiel\u00a0f\u00fchren, so wie\u00a0er es bereits\u00a0f\u00fcr viele\u00a0Jahre\u00a0in der Oberliga bei Salurn und dem Bozner FC getan hat.<\/p>\n<p>Au\u00dferdem gibt es auch ein Wiedersehen mit Claudio\u00a0Dellasega. Auch er hat sich nach einer Saison in\u00a0Kaltern bereit erkl\u00e4rt ins Unterland zur\u00fcckzukehren und wird mit seiner Erfahrung sicherlich sehr n\u00fctzlich sein.<\/p>\n<p>Der Verein m\u00f6chte allen Neuzug\u00e4ngen herzlich Willkommen hei\u00dfen\u00a0uns w\u00fcnscht ihnen\u00a0eine erfolgreiche Saison.<\/p>\n","protected":false},"excerpt":{"rendered":"<p>Die Planungen f\u00fcr die Landesligameisterschaft 2017\/2018 sind schon weit fortgeschritten. Nachdem bereits in der letzten Woche der Name des neuen Trainers Marco Marzari\u00a0bekannt gegeben wurde, steht nun auch zu gro\u00dfen Teilen der Kader f\u00fcr die neue Saison. Im Tor wird Andrea Donato aus Salurn zu uns sto\u00dfen. Der Bozner hat\u00a0vor [&hellip;]<\/p>\n","protected":false},"author":12,"featured_media":17933,"comment_status":"closed","ping_status":"closed","sticky":false,"template":"","format":"standard","meta":[],"categories":[4,1,3],"tags":[],"_links":{"self":[{"href":"http:\/\/www.weinstrassesued.com\/index.php?rest_route=\/wp\/v2\/posts\/18657"}],"collection":[{"href":"http:\/\/www.weinstrassesued.com\/index.php?rest_route=\/wp\/v2\/posts"}],"about":[{"href":"http:\/\/www.weinstrassesued.com\/index.php?rest_route=\/wp\/v2\/types\/post"}],"author":[{"embeddable":true,"href":"http:\/\/www.weinstrassesued.com\/index.php?rest_route=\/wp\/v2\/users\/12"}],"replies":[{"embeddable":true,"href":"http:\/\/www.weinstrassesued.com\/index.php?rest_route=%2Fwp%2Fv2%2Fcomments&post=18657"}],"version-history":[{"count":1,"href":"http:\/\/www.weinstrassesued.com\/index.php?rest_route=\/wp\/v2\/posts\/18657\/revisions"}],"predecessor-version":[{"id":18658,"href":"http:\/\/www.weinstrassesued.com\/index.php?rest_route=\/wp\/v2\/posts\/18657\/revisions\/18658"}],"wp:featuredmedia":[{"embeddable":true,"href":"http:\/\/www.weinstrassesued.com\/index.php?rest_route=\/wp\/v2\/media\/17933"}],"wp:attachment":[{"href":"http:\/\/www.weinstrassesued.com\/index.php?rest_route=%2Fwp%2Fv2%2Fmedia&parent=18657"}],"wp:term":[{"taxonomy":"category","embeddable":true,"href":"http:\/\/www.weinstrassesued.com\/index.php?rest_route=%2Fwp%2Fv2%2Fcategories&post=18657"},{"taxonomy":"post_tag","embeddable":true,"href":"http:\/\/www.weinstrassesued.com\/index.php?rest_route=%2Fwp%2Fv2%2Ftags&post=18657"}],"curies":[{"name":"wp","href":"https:\/\/api.w.org\/{rel}","templated":true}]}}