{"id":18655,"date":"2017-05-26T15:04:53","date_gmt":"2017-05-26T13:04:53","guid":{"rendered":"http:\/\/www.weinstrassesued.com\/?p=18655"},"modified":"2017-06-01T13:16:11","modified_gmt":"2017-06-01T11:16:11","slug":"das-transferkarusell-beginnt-sich-zu-drehen","status":"publish","type":"post","link":"http:\/\/www.weinstrassesued.com\/?p=18655","title":{"rendered":"Das Transferkarusell beginnt sich zu drehen"},"content":{"rendered":"<p>Nach der Saison ist vor der Saison. W\u00e4hrend die Spieler ihre verdiente Pause genie\u00dfen ist die Klubf\u00fchrung dabei, die n\u00e4chste Saison zu planen. Einige Entscheidungen wurden dabei schon getroffen.<\/p>\n<p>Michele Poli und Federico Marchi werden im n\u00e4chsten Jahr nicht mehr f\u00fcr Weinstrasse S\u00fcd auflaufen. Au\u00dferdem hat sich Fabio Zadra nach sechs Jahren entschieden in St. Pauls eine neue sportliche Herausforderung anzunehmen. Allen 3 w\u00fcnscht der Verein alles Gute f\u00fcr die Zukunft.<\/p>\n<p>Claudio Barbetti hat sich hingegen entschieden unserem Verein die Treue zu halten. Er wird sicherlich ein wichtiger Baustein des Teams f\u00fcr die n\u00e4chste Saison sein.<\/p>\n<p>Der einheimische Kern, die wahre St\u00e4rke unseres Vereins, konnte hingegen zu gro\u00dfen Teilen zusammengehalten werden. Hinter ein paar Spielern\u00a0steht noch ein kleines Fragezeichen aufgrund privater Verpflichtungen, doch der Verein\u00a0hofft auch hier in den n\u00e4chsten Wochen L\u00f6sungen zu finden.<\/p>\n<p>&nbsp;<\/p>\n","protected":false},"excerpt":{"rendered":"<p>Nach der Saison ist vor der Saison. W\u00e4hrend die Spieler ihre verdiente Pause genie\u00dfen ist die Klubf\u00fchrung dabei, die n\u00e4chste Saison zu planen. Einige Entscheidungen wurden dabei schon getroffen. Michele Poli und Federico Marchi werden im n\u00e4chsten Jahr nicht mehr f\u00fcr Weinstrasse S\u00fcd auflaufen. Au\u00dferdem hat sich Fabio Zadra nach [&hellip;]<\/p>\n","protected":false},"author":12,"featured_media":18260,"comment_status":"closed","ping_status":"closed","sticky":false,"template":"","format":"standard","meta":[],"categories":[4,1,3],"tags":[],"_links":{"self":[{"href":"http:\/\/www.weinstrassesued.com\/index.php?rest_route=\/wp\/v2\/posts\/18655"}],"collection":[{"href":"http:\/\/www.weinstrassesued.com\/index.php?rest_route=\/wp\/v2\/posts"}],"about":[{"href":"http:\/\/www.weinstrassesued.com\/index.php?rest_route=\/wp\/v2\/types\/post"}],"author":[{"embeddable":true,"href":"http:\/\/www.weinstrassesued.com\/index.php?rest_route=\/wp\/v2\/users\/12"}],"replies":[{"embeddable":true,"href":"http:\/\/www.weinstrassesued.com\/index.php?rest_route=%2Fwp%2Fv2%2Fcomments&post=18655"}],"version-history":[{"count":3,"href":"http:\/\/www.weinstrassesued.com\/index.php?rest_route=\/wp\/v2\/posts\/18655\/revisions"}],"predecessor-version":[{"id":18661,"href":"http:\/\/www.weinstrassesued.com\/index.php?rest_route=\/wp\/v2\/posts\/18655\/revisions\/18661"}],"wp:featuredmedia":[{"embeddable":true,"href":"http:\/\/www.weinstrassesued.com\/index.php?rest_route=\/wp\/v2\/media\/18260"}],"wp:attachment":[{"href":"http:\/\/www.weinstrassesued.com\/index.php?rest_route=%2Fwp%2Fv2%2Fmedia&parent=18655"}],"wp:term":[{"taxonomy":"category","embeddable":true,"href":"http:\/\/www.weinstrassesued.com\/index.php?rest_route=%2Fwp%2Fv2%2Fcategories&post=18655"},{"taxonomy":"post_tag","embeddable":true,"href":"http:\/\/www.weinstrassesued.com\/index.php?rest_route=%2Fwp%2Fv2%2Ftags&post=18655"}],"curies":[{"name":"wp","href":"https:\/\/api.w.org\/{rel}","templated":true}]}}