{"id":18648,"date":"2017-05-22T15:14:58","date_gmt":"2017-05-22T13:14:58","guid":{"rendered":"http:\/\/www.weinstrassesued.com\/?p=18648"},"modified":"2017-05-22T15:14:58","modified_gmt":"2017-05-22T13:14:58","slug":"wechsel-auf-der-trainerbank-fabio-ianeselli-verlaesst-weinstrasse-sued","status":"publish","type":"post","link":"http:\/\/www.weinstrassesued.com\/?p=18648","title":{"rendered":"Wechsel auf der Trainerbank: Fabio Ianeselli verl\u00e4\u00dft Weinstra\u00dfe S\u00fcd"},"content":{"rendered":"<p>Nach 6\u00a0 Jahren \u00fcberaus erfolgreicher Zusammenarbeit gehen Weinstrasse S\u00fcd und Fabio Ianeselli getrennte Wege. Der Verein bedankt sich bei Fabio f\u00fcr die gro\u00dfartige Arbeit in den letzten Jahren, die im vergangen Jahr mit dem Aufstieg in die Oberliga gekr\u00f6nt worden ist. Dass die Mission Klassenerhalt in diesem Jahr ein schwieriges Unterfangen werden w\u00fcrde, war von Anfang an klar, trotzdem w\u00e4re die Sensation unter Fabios ruhigen und zielstrebigen F\u00fchrung beinahe gegl\u00fcckt.<\/p>\n<p>Der Verein w\u00fcnscht auf diesem Weg Fabio Ianeselli\u00a0f\u00fcr die Zukunft sowohl auf als auch au\u00dferhalb des Platzes alles Gute.<\/p>\n","protected":false},"excerpt":{"rendered":"<p>Nach 6\u00a0 Jahren \u00fcberaus erfolgreicher Zusammenarbeit gehen Weinstrasse S\u00fcd und Fabio Ianeselli getrennte Wege. Der Verein bedankt sich bei Fabio f\u00fcr die gro\u00dfartige Arbeit in den letzten Jahren, die im vergangen Jahr mit dem Aufstieg in die Oberliga gekr\u00f6nt worden ist. Dass die Mission Klassenerhalt in diesem Jahr ein schwieriges [&hellip;]<\/p>\n","protected":false},"author":12,"featured_media":18651,"comment_status":"closed","ping_status":"closed","sticky":false,"template":"","format":"standard","meta":[],"categories":[4,1,3],"tags":[],"_links":{"self":[{"href":"http:\/\/www.weinstrassesued.com\/index.php?rest_route=\/wp\/v2\/posts\/18648"}],"collection":[{"href":"http:\/\/www.weinstrassesued.com\/index.php?rest_route=\/wp\/v2\/posts"}],"about":[{"href":"http:\/\/www.weinstrassesued.com\/index.php?rest_route=\/wp\/v2\/types\/post"}],"author":[{"embeddable":true,"href":"http:\/\/www.weinstrassesued.com\/index.php?rest_route=\/wp\/v2\/users\/12"}],"replies":[{"embeddable":true,"href":"http:\/\/www.weinstrassesued.com\/index.php?rest_route=%2Fwp%2Fv2%2Fcomments&post=18648"}],"version-history":[{"count":1,"href":"http:\/\/www.weinstrassesued.com\/index.php?rest_route=\/wp\/v2\/posts\/18648\/revisions"}],"predecessor-version":[{"id":18650,"href":"http:\/\/www.weinstrassesued.com\/index.php?rest_route=\/wp\/v2\/posts\/18648\/revisions\/18650"}],"wp:featuredmedia":[{"embeddable":true,"href":"http:\/\/www.weinstrassesued.com\/index.php?rest_route=\/wp\/v2\/media\/18651"}],"wp:attachment":[{"href":"http:\/\/www.weinstrassesued.com\/index.php?rest_route=%2Fwp%2Fv2%2Fmedia&parent=18648"}],"wp:term":[{"taxonomy":"category","embeddable":true,"href":"http:\/\/www.weinstrassesued.com\/index.php?rest_route=%2Fwp%2Fv2%2Fcategories&post=18648"},{"taxonomy":"post_tag","embeddable":true,"href":"http:\/\/www.weinstrassesued.com\/index.php?rest_route=%2Fwp%2Fv2%2Ftags&post=18648"}],"curies":[{"name":"wp","href":"https:\/\/api.w.org\/{rel}","templated":true}]}}