{"id":17299,"date":"2016-04-25T15:05:08","date_gmt":"2016-04-25T13:05:08","guid":{"rendered":"http:\/\/www.weinstrassesued.com\/?p=17299"},"modified":"2016-04-25T17:06:25","modified_gmt":"2016-04-25T15:06:25","slug":"spieltag-weinstrasse-prad","status":"publish","type":"post","link":"http:\/\/www.weinstrassesued.com\/?p=17299","title":{"rendered":"18. Spieltag: Weinstrasse \u2013 Prad"},"content":{"rendered":"<p style=\"text-align: justify;\">In der letzten Begegnung kamen unsere Junioren nicht \u00fcber ein 0 \u2013 0 hinaus.<br \/>\nNach einer sehr schwachen ersten Spielh\u00e4lfte, wohl aufgrund eines total Ausfalles des gesamten Mittelfeldes wegen Verletzungen und verschiedenen Gr\u00fcnden, war schon klar, dass es schwierig wir.<br \/>\nIm 2. Spielabschnitt bem\u00fchte sich die Sgamboelf das Spiel zu gewinnen, scheiterte aber mehrmals am Abschluss. Das Endergebnis ein Glanzloses\u00a0 0 \u2013 0.<br \/>\nLeider steckt die Mannschaft in einer tiefen Krise und die Titelverteidigung ist in weite Ferne ger\u00fcckt.<br \/>\nTrotzdem m\u00f6chte ich an die Mannschaft appellieren nicht aufzugeben, mit Kampf und Einsatz die verbleibenden 4 Spiele zu meistern, und erhobenen Hauptes die Saison abzuschlie\u00dfen.<\/p>\n<p style=\"text-align: justify;\">Denn schon ESCHMANN sagte: \u201eDas Leben ist ein Kampf. H\u00f6ren wir auf zu k\u00e4mpfen, dann h\u00f6ren wir auf zu leben\u201c.<\/p>\n<p>p@g<\/p>\n","protected":false},"excerpt":{"rendered":"<p>In der letzten Begegnung kamen unsere Junioren nicht \u00fcber ein 0 \u2013 0 hinaus. Nach einer sehr schwachen ersten Spielh\u00e4lfte, wohl aufgrund eines total Ausfalles des gesamten Mittelfeldes wegen Verletzungen und verschiedenen Gr\u00fcnden, war schon klar, dass es schwierig wir. Im 2. Spielabschnitt bem\u00fchte sich die Sgamboelf das Spiel zu [&hellip;]<\/p>\n","protected":false},"author":12,"featured_media":17154,"comment_status":"closed","ping_status":"closed","sticky":false,"template":"","format":"standard","meta":[],"categories":[1,7,3],"tags":[],"_links":{"self":[{"href":"http:\/\/www.weinstrassesued.com\/index.php?rest_route=\/wp\/v2\/posts\/17299"}],"collection":[{"href":"http:\/\/www.weinstrassesued.com\/index.php?rest_route=\/wp\/v2\/posts"}],"about":[{"href":"http:\/\/www.weinstrassesued.com\/index.php?rest_route=\/wp\/v2\/types\/post"}],"author":[{"embeddable":true,"href":"http:\/\/www.weinstrassesued.com\/index.php?rest_route=\/wp\/v2\/users\/12"}],"replies":[{"embeddable":true,"href":"http:\/\/www.weinstrassesued.com\/index.php?rest_route=%2Fwp%2Fv2%2Fcomments&post=17299"}],"version-history":[{"count":2,"href":"http:\/\/www.weinstrassesued.com\/index.php?rest_route=\/wp\/v2\/posts\/17299\/revisions"}],"predecessor-version":[{"id":17301,"href":"http:\/\/www.weinstrassesued.com\/index.php?rest_route=\/wp\/v2\/posts\/17299\/revisions\/17301"}],"wp:featuredmedia":[{"embeddable":true,"href":"http:\/\/www.weinstrassesued.com\/index.php?rest_route=\/wp\/v2\/media\/17154"}],"wp:attachment":[{"href":"http:\/\/www.weinstrassesued.com\/index.php?rest_route=%2Fwp%2Fv2%2Fmedia&parent=17299"}],"wp:term":[{"taxonomy":"category","embeddable":true,"href":"http:\/\/www.weinstrassesued.com\/index.php?rest_route=%2Fwp%2Fv2%2Fcategories&post=17299"},{"taxonomy":"post_tag","embeddable":true,"href":"http:\/\/www.weinstrassesued.com\/index.php?rest_route=%2Fwp%2Fv2%2Ftags&post=17299"}],"curies":[{"name":"wp","href":"https:\/\/api.w.org\/{rel}","templated":true}]}}