{"id":17225,"date":"2016-04-18T17:37:00","date_gmt":"2016-04-18T15:37:00","guid":{"rendered":"http:\/\/www.weinstrassesued.com\/?p=17225"},"modified":"2016-04-18T17:37:00","modified_gmt":"2016-04-18T15:37:00","slug":"junioren-herber-rueckschlag-um-den-kampf-der-titelverteidigung","status":"publish","type":"post","link":"http:\/\/www.weinstrassesued.com\/?p=17225","title":{"rendered":"Junioren: Herber R\u00fcckschlag um den Kampf der Titelverteidigung"},"content":{"rendered":"<p>Am 6. Spieltag ging es f\u00fcr unsere Jungs nach Latsch, die nur mit 1 Punkt R\u00fcckstand auf unsere Mannschaft auf dem 3. Platz lagen. F\u00fcr uns galt nur Eines, den Sieg zu holen, um am Spitzenreiter Kaltern nicht den Anschluss zu verlieren und das sp\u00fcrte man auch sofort nach den Anpfiff. In den ersten 15 Minuten starteten unsere Junioren besser ins Spiel, kamen aber zu keinen richtigen Torchancen. Die Heimmannschaft startete \u00fcberlegter ins Spiel und wartete auf Fehler unsererseits und genau dazu kam es in der 17. Minute. Ein ungeschickter Zweikampf f\u00fchrte zu einem Freisto\u00df in der N\u00e4he des Strafraumes, den der St\u00fcrmer der Hausherren zum 1:0 eink\u00f6pfte. Drei Minuten sp\u00e4ter musste sich Matthias Strobl im vollen Lauf auf einen Zweikampf mit den St\u00fcrmer der Latscher einlassen. Er spielte zwar den Ball, doch dem Schiri war das Einsteigen im Strafraum zu hart und er entschied auf Elfmeter. Der Kapit\u00e4n der Heimmannschaft trat an und verwandelte den Strafsto\u00df unhaltbar zum 2:0. Das 2:0 nahm den Spiel ein bisschen den anf\u00e4nglichen Schwung heraus. Unsere Mannschaft versuchte immer wieder durch gute Kombinationen in die N\u00e4he des gegnerischen Tores zu gelangen, doch es fehlte immer das letze bisschen Konsequenz, um durch die gut stehende Verteidigung der Latscher zu kommen und so den Anschlusstreffer zu erzielen. In der 2. Halbzeit versuchten unsere Jungs, die in der Pause vom Trainer Sgambo nochmals richtig motiviert wurden, den schnellen Anschlusstreffer zu erzielen. Doch die sehr intelligent spielende Heimmannschaft schaffte es immer wieder, durch Spielunterbrechungen, teilweise auch durch ungeschicktes Zweikampfverhalten unserer Jungs, den Schwung aus der Partie zu nehmen. Die Zeit verging, aber klare Torchancen\u00a0 blieben aus. In der 75. Minute versuchte der Trainer, noch einmal alles nach vorne zu werfen, doch gerade als unsere Junioren anfingen die Hausherren aus Latsch unter Druck zu setzen, erzielten diese das 3:0, was schlussendlich aud der Endstand war. Zwar gab es noch einzelne Chancen f\u00fcr unsere Junioren, doch die Hintermannschaft der Latscher lie\u00df auch in den letzten 10 Minuten nichts mehr anbrennen. Insgesamt war die Leistung unserer Jungs einfach zu schwach, um sich gegen die heimstarken Latscher duchzusetzen.<\/p>\n<p>Jetzt wird es sehr schwierig, den Titel aus dem Vorjahr noch zu verteidigen, doch mit vereinten Kr\u00e4ften und etwas Gl\u00fcck kann die Aufholjagd noch gelingen. Den Anfang daf\u00fcr, kann bereits an diesen Samstag um 15:00 Uhr in Kurtinig gegen den ASV Prad gemacht werden, sodass wir den Pott doch noch nach Hause holen k\u00f6nnen!<\/p>\n<p>&nbsp;<\/p>\n","protected":false},"excerpt":{"rendered":"<p>Am 6. Spieltag ging es f\u00fcr unsere Jungs nach Latsch, die nur mit 1 Punkt R\u00fcckstand auf unsere Mannschaft auf dem 3. Platz lagen. F\u00fcr uns galt nur Eines, den Sieg zu holen, um am Spitzenreiter Kaltern nicht den Anschluss zu verlieren und das sp\u00fcrte man auch sofort nach den [&hellip;]<\/p>\n","protected":false},"author":12,"featured_media":17227,"comment_status":"closed","ping_status":"closed","sticky":false,"template":"","format":"standard","meta":[],"categories":[1,7,3],"tags":[],"_links":{"self":[{"href":"http:\/\/www.weinstrassesued.com\/index.php?rest_route=\/wp\/v2\/posts\/17225"}],"collection":[{"href":"http:\/\/www.weinstrassesued.com\/index.php?rest_route=\/wp\/v2\/posts"}],"about":[{"href":"http:\/\/www.weinstrassesued.com\/index.php?rest_route=\/wp\/v2\/types\/post"}],"author":[{"embeddable":true,"href":"http:\/\/www.weinstrassesued.com\/index.php?rest_route=\/wp\/v2\/users\/12"}],"replies":[{"embeddable":true,"href":"http:\/\/www.weinstrassesued.com\/index.php?rest_route=%2Fwp%2Fv2%2Fcomments&post=17225"}],"version-history":[{"count":1,"href":"http:\/\/www.weinstrassesued.com\/index.php?rest_route=\/wp\/v2\/posts\/17225\/revisions"}],"predecessor-version":[{"id":17226,"href":"http:\/\/www.weinstrassesued.com\/index.php?rest_route=\/wp\/v2\/posts\/17225\/revisions\/17226"}],"wp:featuredmedia":[{"embeddable":true,"href":"http:\/\/www.weinstrassesued.com\/index.php?rest_route=\/wp\/v2\/media\/17227"}],"wp:attachment":[{"href":"http:\/\/www.weinstrassesued.com\/index.php?rest_route=%2Fwp%2Fv2%2Fmedia&parent=17225"}],"wp:term":[{"taxonomy":"category","embeddable":true,"href":"http:\/\/www.weinstrassesued.com\/index.php?rest_route=%2Fwp%2Fv2%2Fcategories&post=17225"},{"taxonomy":"post_tag","embeddable":true,"href":"http:\/\/www.weinstrassesued.com\/index.php?rest_route=%2Fwp%2Fv2%2Ftags&post=17225"}],"curies":[{"name":"wp","href":"https:\/\/api.w.org\/{rel}","templated":true}]}}