{"id":17092,"date":"2016-03-23T21:56:00","date_gmt":"2016-03-23T20:56:00","guid":{"rendered":"http:\/\/www.weinstrassesued.com\/?p=17092"},"modified":"2016-03-23T21:56:00","modified_gmt":"2016-03-23T20:56:00","slug":"landesliga-spitzenspiel-in-margreid","status":"publish","type":"post","link":"http:\/\/www.weinstrassesued.com\/?p=17092","title":{"rendered":"Landesliga-Spitzenspiel in Margreid"},"content":{"rendered":"<p>Am Ostersamstag gibt sich der FC St. Pauls die Ehre. Der blau-wei\u00dfe Traditionsverein ist eigentlich einer der Topfavoriten auf\u00a0den Aufstieg in die Oberliga, hat aber nach einem m\u00e4\u00dfigen R\u00fcckrundenauftakt ein wenig an Boden verloren.\u00a0Aufgrund des extrem stark besetzten Kaders (3 Ex-Profis) und der gro\u00dfen\u00a0Tradition des Vereins\u00a0sollte\u00a0man die Paulsner jedoch nicht zu fr\u00fch abschreiben. Die 4 Punkte R\u00fcckstand,\u00a0 die\u00a0sie auf den 2. Tabellenplatz aufweisen sind nicht viel und mit einem Sieg am Samstag w\u00e4re alles wieder\u00a0offen.<\/p>\n<p>Mit Fabian Obrist, Jonas Clementi und Simon Fabi verf\u00fcgt der FC St. Pauls \u00fcber\u00a0eine der besten Offensivabteilungen der Liga. Auch die Defensive ist mit\u00a0Georg Sinn,\u00a0Kapit\u00e4n Fabian Mayr und Torwart Antonio Tarantino ein Bollwerk, das in der Landesliga keinen Vergleich scheuen muss. Trainer Stefan Gasser hat also eine Topmannschaft zur Verf\u00fcgung, die alles daran setzen wird gegen unsere Jungs den Negativtrend umzukehren.<\/p>\n<p>Auf unsere Mannschaft wartet\u00a0also die n\u00e4chste Herkulesaufgabe, aber die Jungs haben heuer schon des \u00d6fteren bewiesen zu was sie im Stande sind.\u00a0Es wird sicher ein spannendes Spiel, in dem unsere Mannschaft\u00a0 die Unterst\u00fctzung zahlreicher Fans sicher gut gebrauchen k\u00f6nnte.<\/p>\n<p>Das Spiel wird um\u00a015.00 angepfiffen!<\/p>\n","protected":false},"excerpt":{"rendered":"<p>Am Ostersamstag gibt sich der FC St. Pauls die Ehre. Der blau-wei\u00dfe Traditionsverein ist eigentlich einer der Topfavoriten auf\u00a0den Aufstieg in die Oberliga, hat aber nach einem m\u00e4\u00dfigen R\u00fcckrundenauftakt ein wenig an Boden verloren.\u00a0Aufgrund des extrem stark besetzten Kaders (3 Ex-Profis) und der gro\u00dfen\u00a0Tradition des Vereins\u00a0sollte\u00a0man die Paulsner jedoch nicht [&hellip;]<\/p>\n","protected":false},"author":12,"featured_media":0,"comment_status":"closed","ping_status":"closed","sticky":false,"template":"","format":"standard","meta":[],"categories":[4,1,3],"tags":[],"_links":{"self":[{"href":"http:\/\/www.weinstrassesued.com\/index.php?rest_route=\/wp\/v2\/posts\/17092"}],"collection":[{"href":"http:\/\/www.weinstrassesued.com\/index.php?rest_route=\/wp\/v2\/posts"}],"about":[{"href":"http:\/\/www.weinstrassesued.com\/index.php?rest_route=\/wp\/v2\/types\/post"}],"author":[{"embeddable":true,"href":"http:\/\/www.weinstrassesued.com\/index.php?rest_route=\/wp\/v2\/users\/12"}],"replies":[{"embeddable":true,"href":"http:\/\/www.weinstrassesued.com\/index.php?rest_route=%2Fwp%2Fv2%2Fcomments&post=17092"}],"version-history":[{"count":4,"href":"http:\/\/www.weinstrassesued.com\/index.php?rest_route=\/wp\/v2\/posts\/17092\/revisions"}],"predecessor-version":[{"id":17097,"href":"http:\/\/www.weinstrassesued.com\/index.php?rest_route=\/wp\/v2\/posts\/17092\/revisions\/17097"}],"wp:attachment":[{"href":"http:\/\/www.weinstrassesued.com\/index.php?rest_route=%2Fwp%2Fv2%2Fmedia&parent=17092"}],"wp:term":[{"taxonomy":"category","embeddable":true,"href":"http:\/\/www.weinstrassesued.com\/index.php?rest_route=%2Fwp%2Fv2%2Fcategories&post=17092"},{"taxonomy":"post_tag","embeddable":true,"href":"http:\/\/www.weinstrassesued.com\/index.php?rest_route=%2Fwp%2Fv2%2Ftags&post=17092"}],"curies":[{"name":"wp","href":"https:\/\/api.w.org\/{rel}","templated":true}]}}