{"id":17081,"date":"2016-03-22T18:25:37","date_gmt":"2016-03-22T17:25:37","guid":{"rendered":"http:\/\/www.weinstrassesued.com\/?p=17081"},"modified":"2016-03-23T10:01:50","modified_gmt":"2016-03-23T09:01:50","slug":"herber-rueckschlag-fuer-unsere-junioren","status":"publish","type":"post","link":"http:\/\/www.weinstrassesued.com\/?p=17081","title":{"rendered":"Herber R\u00fcckschlag f\u00fcr unsere Junioren"},"content":{"rendered":"<p>Nach dem hervorragenden Sieg gegen Meran, wurden unsere Junioren wieder auf den Boden der Realit\u00e4t zur\u00fcckgeholt. Beim Spitzenspiel gegen Kaltern gab es f\u00fcr unsere Junioren nichts zu holen.<br \/>\nDie Kalterer gingen furios ins Spiel und hatten in der 1. Minute eine Gro\u00dfchance, die unser Schlussmann mit einer nicht unbedingt regelkonformen Aktion gerade noch verhindern konnte. Bereits in der 8. Minute ging Kaltern nicht unverdient in F\u00fchrung. Erst nachdem unsere Mannschaft in R\u00fcckstand geraten ist, konnten wir uns besser organisieren und es entwickelte sich ein unterhaltsames Spiel. Der Lohn daf\u00fcr, war das Ausgleichstor in der 31. Minute durch Bauz (Lukas). Dann das vielleicht spielentscheidende Ereignis. Der Schiedsrichter pfeift einen Elfmeter f\u00fcr uns, doch leider landet der Ball nicht dort, wo er nach einem Elfmeter sein sollte.<br \/>\nNach Wiederanpfiff sind es wieder die\u00a0 Kalterer\u00a0die in F\u00fchrung gehen, wenngleich aus abseitsverd\u00e4chtiger Position und als Draufgabe vergibt der Schiedsrichter zwei Minuten sp\u00e4ter auch noch einen sehr zweifelhaften Elfmeter f\u00fcr Kaltern, der auch dort gelandet ist, wo er sollte. In der Folge erspielen wir uns zwar gute Chancen, die allerdings unsere Sturmspieler nicht in Tore verwandeln konnten. Ein Hoffnungsschimmer kam auf, als Mauro durch einen sehenswerten Freisto\u00df noch der Anschlusstreffer gelang. Doch die Kalterer treffen erneut durch\u00a0einen schnellen Konter, der das Endergebnis von 2 \u2013 4 fixierte.<\/p>\n<p>Alle Fotos <a href=\"http:\/\/www.weinstrassesued.com\/?page_id=17015\">HIER<\/a><\/p>\n","protected":false},"excerpt":{"rendered":"<p>Nach dem hervorragenden Sieg gegen Meran, wurden unsere Junioren wieder auf den Boden der Realit\u00e4t zur\u00fcckgeholt. Beim Spitzenspiel gegen Kaltern gab es f\u00fcr unsere Junioren nichts zu holen. Die Kalterer gingen furios ins Spiel und hatten in der 1. Minute eine Gro\u00dfchance, die unser Schlussmann mit einer nicht unbedingt regelkonformen [&hellip;]<\/p>\n","protected":false},"author":12,"featured_media":0,"comment_status":"closed","ping_status":"closed","sticky":false,"template":"","format":"standard","meta":[],"categories":[1,7,3],"tags":[],"_links":{"self":[{"href":"http:\/\/www.weinstrassesued.com\/index.php?rest_route=\/wp\/v2\/posts\/17081"}],"collection":[{"href":"http:\/\/www.weinstrassesued.com\/index.php?rest_route=\/wp\/v2\/posts"}],"about":[{"href":"http:\/\/www.weinstrassesued.com\/index.php?rest_route=\/wp\/v2\/types\/post"}],"author":[{"embeddable":true,"href":"http:\/\/www.weinstrassesued.com\/index.php?rest_route=\/wp\/v2\/users\/12"}],"replies":[{"embeddable":true,"href":"http:\/\/www.weinstrassesued.com\/index.php?rest_route=%2Fwp%2Fv2%2Fcomments&post=17081"}],"version-history":[{"count":7,"href":"http:\/\/www.weinstrassesued.com\/index.php?rest_route=\/wp\/v2\/posts\/17081\/revisions"}],"predecessor-version":[{"id":17089,"href":"http:\/\/www.weinstrassesued.com\/index.php?rest_route=\/wp\/v2\/posts\/17081\/revisions\/17089"}],"wp:attachment":[{"href":"http:\/\/www.weinstrassesued.com\/index.php?rest_route=%2Fwp%2Fv2%2Fmedia&parent=17081"}],"wp:term":[{"taxonomy":"category","embeddable":true,"href":"http:\/\/www.weinstrassesued.com\/index.php?rest_route=%2Fwp%2Fv2%2Fcategories&post=17081"},{"taxonomy":"post_tag","embeddable":true,"href":"http:\/\/www.weinstrassesued.com\/index.php?rest_route=%2Fwp%2Fv2%2Ftags&post=17081"}],"curies":[{"name":"wp","href":"https:\/\/api.w.org\/{rel}","templated":true}]}}