{"id":16957,"date":"2016-03-13T13:58:10","date_gmt":"2016-03-13T12:58:10","guid":{"rendered":"http:\/\/www.weinstrassesued.com\/?p=16957"},"modified":"2016-03-13T14:00:16","modified_gmt":"2016-03-13T13:00:16","slug":"junioren-rueckrundenauftakt","status":"publish","type":"post","link":"http:\/\/www.weinstrassesued.com\/?p=16957","title":{"rendered":"Junioren: R\u00fcckrundenauftakt"},"content":{"rendered":"<p style=\"text-align: justify;\"><em>im Bild: Allen Zwerger<\/em><\/p>\n<p style=\"text-align: justify;\">Nachdem der Start in die R\u00fcckrunde gegen Passeier w\u00f6rtlich im Schnee versank, starteten die Junioren am Samstag in Meran gegen den FC.<\/p>\n<p style=\"text-align: justify;\">Die Jungs waren guter Dinge, nach einer langen Vorbereitung die am 25. J\u00e4nner begann, war es h\u00f6chste Zeit die Meisterschaft zu reanimieren.<\/p>\n<p style=\"text-align: justify;\">Zum Spiel in Meran gibt es eigentlich nicht viel zu sagen, die Junioren erspielten sich von Beginn an die erwartete \u00dcberlegenheit und \u00a0beendeten die 1. H\u00e4lfte somit mit einen 0 \u2013 9 Vorsprung. Tore: Oka, Seba und nat\u00fcrlich unser Superstar Allen Zwerger.<\/p>\n<p style=\"text-align: justify;\">In der 2. H\u00e4lfe nahm Mister Sgambo Bauz und Oka aus dem Spiel, daf\u00fcr kamen Miran und Matthias Anegg (Jahrgang 2000). Das Match ging gleich weiter. Miran dr\u00fcckte mit 2 Toren dem Spiel seinen Stempel auf. Im Verlauf des Spieles kamen dann P\u00fcnsch, \u00d6li und Leonardo ins Spiel, das mit 15 \u2013 0 zu unseren Gunsten endete. Interessant zu bemerken ist, dass WS in 90 min. nicht einen einzigen Freisto\u00df zugesprochen bekam, daf\u00fcr der Gegner einen aus der Luft gegriffenen 11er, den Simon problemlos neutralisierte.<\/p>\n<p style=\"text-align: justify;\">Tore: Allen 7, Oka 5, Miran 2 und Seba 1.<\/p>\n<p style=\"text-align: justify;\">p@g<\/p>\n","protected":false},"excerpt":{"rendered":"<p>im Bild: Allen Zwerger Nachdem der Start in die R\u00fcckrunde gegen Passeier w\u00f6rtlich im Schnee versank, starteten die Junioren am Samstag in Meran gegen den FC. Die Jungs waren guter Dinge, nach einer langen Vorbereitung die am 25. J\u00e4nner begann, war es h\u00f6chste Zeit die Meisterschaft zu reanimieren. Zum Spiel [&hellip;]<\/p>\n","protected":false},"author":12,"featured_media":16958,"comment_status":"closed","ping_status":"closed","sticky":false,"template":"","format":"standard","meta":[],"categories":[1,7,3],"tags":[],"_links":{"self":[{"href":"http:\/\/www.weinstrassesued.com\/index.php?rest_route=\/wp\/v2\/posts\/16957"}],"collection":[{"href":"http:\/\/www.weinstrassesued.com\/index.php?rest_route=\/wp\/v2\/posts"}],"about":[{"href":"http:\/\/www.weinstrassesued.com\/index.php?rest_route=\/wp\/v2\/types\/post"}],"author":[{"embeddable":true,"href":"http:\/\/www.weinstrassesued.com\/index.php?rest_route=\/wp\/v2\/users\/12"}],"replies":[{"embeddable":true,"href":"http:\/\/www.weinstrassesued.com\/index.php?rest_route=%2Fwp%2Fv2%2Fcomments&post=16957"}],"version-history":[{"count":2,"href":"http:\/\/www.weinstrassesued.com\/index.php?rest_route=\/wp\/v2\/posts\/16957\/revisions"}],"predecessor-version":[{"id":16960,"href":"http:\/\/www.weinstrassesued.com\/index.php?rest_route=\/wp\/v2\/posts\/16957\/revisions\/16960"}],"wp:featuredmedia":[{"embeddable":true,"href":"http:\/\/www.weinstrassesued.com\/index.php?rest_route=\/wp\/v2\/media\/16958"}],"wp:attachment":[{"href":"http:\/\/www.weinstrassesued.com\/index.php?rest_route=%2Fwp%2Fv2%2Fmedia&parent=16957"}],"wp:term":[{"taxonomy":"category","embeddable":true,"href":"http:\/\/www.weinstrassesued.com\/index.php?rest_route=%2Fwp%2Fv2%2Fcategories&post=16957"},{"taxonomy":"post_tag","embeddable":true,"href":"http:\/\/www.weinstrassesued.com\/index.php?rest_route=%2Fwp%2Fv2%2Ftags&post=16957"}],"curies":[{"name":"wp","href":"https:\/\/api.w.org\/{rel}","templated":true}]}}