{"id":16907,"date":"2016-02-22T19:57:19","date_gmt":"2016-02-22T18:57:19","guid":{"rendered":"http:\/\/www.weinstrassesued.com\/?p=16907"},"modified":"2016-02-23T17:58:53","modified_gmt":"2016-02-23T16:58:53","slug":"arbeitssieg-gegen-latsch","status":"publish","type":"post","link":"http:\/\/www.weinstrassesued.com\/?p=16907","title":{"rendered":"Arbeitssieg gegen Latsch"},"content":{"rendered":"<div class=\"moz-text-html\" lang=\"x-western\">\n<div dir=\"ltr\">\n<p style=\"text-align: justify;\">Zum R\u00fcckrundenauftakt gab es f\u00fcr\u00a0unsere\u00a0Jungs einen hart umk\u00e4mpften Sieg gegen den SV Latsch.<\/p>\n<p style=\"text-align: justify;\">W\u00e4hrend unsere Mannschaft noch im Winterschlaf harrte, waren die G\u00e4ste aus dem Vinschgau von Anfang an hellwach. Bereits kurz nach dem Anpfiff\u00a0kam ein Latscher im\u00a0Strafraum frei zum Schuss und hatte keine M\u00fche Torwart Corradini zu \u00fcberwinden. Auch in der Folge blieben die Latscher am Dr\u00fccker, konnten aber keine klaren Chancen mehr herausspielen. Unsere Jungs taten sich schwer in Spiel zu kommen und es dauerte fast eine halbe Stunde bis sich das Spiel mehr in die H\u00e4lfte der G\u00e4ste verlagerte. Chancen blieben aber weiterhin Mangelware. Kurz vor der Pause hatte aber Fabris dann doch den Ausgleich auf dem Fu\u00df.\u00a0Einen langen\u00a0Einwurf lenkte er mit der Fu\u00dfspitze aus kurzer Distanz Richtung Tor, der Latscher Torwart\u00a0schaffte es jedoch den Ball\u00a0mit einer tollen Reaktion an die Querlatte abzuwehren.<br \/>\nIn der 2. H\u00e4lfte starteten unsere Jungs energischer. Spielerisch war es auf dem schwer bespielbaren Platz zwar weiterhin keine Offenbarung, doch mit einem aggressiveren Auftreten wurden die G\u00e4ste mehr unter Druck gesetzt. Der Ausgleichstreffer in der 50.\u00a0 Minute\u00a0war also nicht ganz unverdient. Amofah hatte\u00a0sich aus 20m ein Herz gefasst und den Ball\u00a0mit\u00a0links unhaltbar ins\u00a0Kreuzeck geh\u00e4mmert. In der Folge blieb das Spiel z\u00e4h. Latsch hatte eine gute Chance als Corradini gegen einen\u00a0alleine auf ihn zulaufenden\u00a0St\u00fcrmer retten musste und unsere Jungs hatten einige Halbchancen, die jedoch nicht wirklich\u00a0zwingend waren.\u00a0Als alle schon mit einem Alles in Allem gerechten Unentschieden\u00a0rechneten,\u00a0fiel dann doch noch der vielumjubelte Siegtreffer. Vasile trat einen\u00a0Eckball auf den 2. Pfosten, wo der heranst\u00fcrmende Pedrotti den Ball\u00a0irgendwie \u00fcber die Linie dr\u00fcckte.<br \/>\n(MR)<\/p>\n<div style=\"text-align: justify;\"><strong>Weinstrasse S\u00fcd:<\/strong><\/div>\n<div style=\"text-align: justify;\">Corradini, Pichler, Mark (&#8217;75 Vasile), Christoforetti, Palma, Pedrotti, Dellasega, Huber (&#8217;60 Peer), Amofha, Sanoll Clemens (&#8217;81 Hanacchi), Fabris<\/div>\n<div style=\"text-align: justify;\">Cotrainer: Gianluca Pellizzari<\/div>\n<div style=\"text-align: justify;\">Trainer: Fabio Ianeselli<\/div>\n<div style=\"text-align: justify;\"><\/div>\n<div style=\"text-align: justify;\"><strong>Latsch:<\/strong><\/div>\n<div style=\"text-align: justify;\">Vornberger, Gufler, Keuen, Kuppelwieser, Pohl, Stecher, Sachsalber (&#8217;83 H\u00f6llriegl), Schwemm, Schuler, Fr\u00f6tscher (&#8217;73 Vicenti), Mair (&#8217;90 Medda)<\/div>\n<div style=\"text-align: justify;\">Trainer:<\/div>\n<div style=\"text-align: justify;\">Christian Platzer<\/div>\n<div style=\"text-align: justify;\"><\/div>\n<div style=\"text-align: justify;\"><\/div>\n<div style=\"text-align: justify;\">Schiedsricher:<\/div>\n<div style=\"text-align: justify;\">Kovacevice (Arco)<\/div>\n<div style=\"text-align: justify;\"><\/div>\n<div style=\"text-align: justify;\">Tore:<\/div>\n<div style=\"text-align: justify;\">0-1 \u00a0 &#8218;3 Schwemm<\/div>\n<div style=\"text-align: justify;\">1-1 \u00a0 \u00a0&#8217;49 Amofha<\/div>\n<div style=\"text-align: justify;\">2-1 \u00a0 \u00a0&#8217;90 Pedrotti<\/div>\n<div style=\"text-align: justify;\"><\/div>\n<div style=\"text-align: justify;\">Rote Karte:<\/div>\n<div style=\"text-align: justify;\">\/\/<\/div>\n<p style=\"text-align: justify;\">\n<\/div>\n<\/div>\n<p style=\"text-align: justify;\">\n","protected":false},"excerpt":{"rendered":"<p>Zum R\u00fcckrundenauftakt gab es f\u00fcr\u00a0unsere\u00a0Jungs einen hart umk\u00e4mpften Sieg gegen den SV Latsch. W\u00e4hrend unsere Mannschaft noch im Winterschlaf harrte, waren die G\u00e4ste aus dem Vinschgau von Anfang an hellwach. Bereits kurz nach dem Anpfiff\u00a0kam ein Latscher im\u00a0Strafraum frei zum Schuss und hatte keine M\u00fche Torwart Corradini zu \u00fcberwinden. Auch [&hellip;]<\/p>\n","protected":false},"author":12,"featured_media":16908,"comment_status":"closed","ping_status":"closed","sticky":false,"template":"","format":"standard","meta":[],"categories":[4,1,3],"tags":[],"_links":{"self":[{"href":"http:\/\/www.weinstrassesued.com\/index.php?rest_route=\/wp\/v2\/posts\/16907"}],"collection":[{"href":"http:\/\/www.weinstrassesued.com\/index.php?rest_route=\/wp\/v2\/posts"}],"about":[{"href":"http:\/\/www.weinstrassesued.com\/index.php?rest_route=\/wp\/v2\/types\/post"}],"author":[{"embeddable":true,"href":"http:\/\/www.weinstrassesued.com\/index.php?rest_route=\/wp\/v2\/users\/12"}],"replies":[{"embeddable":true,"href":"http:\/\/www.weinstrassesued.com\/index.php?rest_route=%2Fwp%2Fv2%2Fcomments&post=16907"}],"version-history":[{"count":8,"href":"http:\/\/www.weinstrassesued.com\/index.php?rest_route=\/wp\/v2\/posts\/16907\/revisions"}],"predecessor-version":[{"id":16933,"href":"http:\/\/www.weinstrassesued.com\/index.php?rest_route=\/wp\/v2\/posts\/16907\/revisions\/16933"}],"wp:featuredmedia":[{"embeddable":true,"href":"http:\/\/www.weinstrassesued.com\/index.php?rest_route=\/wp\/v2\/media\/16908"}],"wp:attachment":[{"href":"http:\/\/www.weinstrassesued.com\/index.php?rest_route=%2Fwp%2Fv2%2Fmedia&parent=16907"}],"wp:term":[{"taxonomy":"category","embeddable":true,"href":"http:\/\/www.weinstrassesued.com\/index.php?rest_route=%2Fwp%2Fv2%2Fcategories&post=16907"},{"taxonomy":"post_tag","embeddable":true,"href":"http:\/\/www.weinstrassesued.com\/index.php?rest_route=%2Fwp%2Fv2%2Ftags&post=16907"}],"curies":[{"name":"wp","href":"https:\/\/api.w.org\/{rel}","templated":true}]}}