{"id":16698,"date":"2015-12-07T12:55:57","date_gmt":"2015-12-07T11:55:57","guid":{"rendered":"http:\/\/www.weinstrassesued.com\/?p=16698"},"modified":"2015-12-07T13:01:01","modified_gmt":"2015-12-07T12:01:01","slug":"naechster-auswaertsstreich","status":"publish","type":"post","link":"http:\/\/www.weinstrassesued.com\/?p=16698","title":{"rendered":"N\u00e4chster Ausw\u00e4rtsstreich&#8230;"},"content":{"rendered":"<p style=\"text-align: justify;\"><em>Im Bild: Johannes Huber<\/em><\/p>\n<p style=\"text-align: justify;\">Mit einem weiteren Paukenschlag verabschiedet sich unsere 1. Mannschaft in die Winterpause. Gegen die b\u00e4renstarken Partschinser errangen unsere Jungs einen 1-0 Ausw\u00e4rtssieg und \u00fcberwintern damit auf dem 3.Tabellenplatz.<\/p>\n<p style=\"text-align: justify;\">In einer ausgeglichenen 1. H\u00e4lfte waren Torchancen d\u00fcnn ges\u00e4t. Clemens Sanoll hatte die F\u00fchrung auf dem Fu\u00df verzog jedoch knapp. Auf der anderen Seite trafen die Partschinser einmal den Pfosten und forderten einmal nicht ganz zu Unrecht einen Elfmeterpfiff, der zum unserem Gl\u00fcck jedoch ausblieb.<\/p>\n<p style=\"text-align: justify;\">Die 2. H\u00e4lfte begann dann optimal. Mauro Vasile spielte auf links Johannes Huber frei,\u00a0 dessen\u00a0punktgenaue Flanke Alexander Fabris auf dem ersten Pfosten fand, der den Ball per Kopf ins Tor lenkte. Was dann folgte l\u00e4sst sich mit nur einem Wort beschreiben: BARRICATE!!! Partschins lief an und unsere Mannschaft verteidigte mit Mann und Maus. Die Hausherren zeigten ihre ganze spielerische St\u00e4rke und erspielten sich vor allem in den letzten 25 Minuten mehrere gute Chancen. Mit gro\u00dfem Kampfgeist und etwas Gl\u00fcck hielt unsere Mannschaft der Belagerung stand und h\u00e4tte bei 2 Konterchancen das Spiel sogar schon fr\u00fchzeitig entscheiden k\u00f6nnen.<\/p>\n<p style=\"text-align: justify;\">Partschins : Nischler, Patrick Reiner (ab 14. Hofer), Windegger (ab 89. Gander), Ladurner, Kaserer, Armin Rungg, Pf\u00f6stl (ab 74. Dominik Schnitzer), Kuppelwieser, Tscholl, Felix Rungg, Pezzei<\/p>\n<p style=\"text-align: justify;\">Weinstrasse S\u00fcd: Corradini, Peer, Mark, Christoforetti, Palma, Pedrotti, Dellasega (ab 77. Walter), Vasile (ab 85. Simon Sanoll), Huber (ab 90. Zwerger), Clemens Sanoll, Fabris<\/p>\n<p style=\"text-align: justify;\">SR: Ramanzini (Trient)<\/p>\n<p style=\"text-align: justify;\">Tor: 0:1 Fabris (46.)<\/p>\n","protected":false},"excerpt":{"rendered":"<p>Im Bild: Johannes Huber Mit einem weiteren Paukenschlag verabschiedet sich unsere 1. Mannschaft in die Winterpause. Gegen die b\u00e4renstarken Partschinser errangen unsere Jungs einen 1-0 Ausw\u00e4rtssieg und \u00fcberwintern damit auf dem 3.Tabellenplatz. In einer ausgeglichenen 1. H\u00e4lfte waren Torchancen d\u00fcnn ges\u00e4t. Clemens Sanoll hatte die F\u00fchrung auf dem Fu\u00df verzog [&hellip;]<\/p>\n","protected":false},"author":12,"featured_media":14714,"comment_status":"closed","ping_status":"closed","sticky":false,"template":"","format":"standard","meta":[],"categories":[4,1,3],"tags":[],"_links":{"self":[{"href":"http:\/\/www.weinstrassesued.com\/index.php?rest_route=\/wp\/v2\/posts\/16698"}],"collection":[{"href":"http:\/\/www.weinstrassesued.com\/index.php?rest_route=\/wp\/v2\/posts"}],"about":[{"href":"http:\/\/www.weinstrassesued.com\/index.php?rest_route=\/wp\/v2\/types\/post"}],"author":[{"embeddable":true,"href":"http:\/\/www.weinstrassesued.com\/index.php?rest_route=\/wp\/v2\/users\/12"}],"replies":[{"embeddable":true,"href":"http:\/\/www.weinstrassesued.com\/index.php?rest_route=%2Fwp%2Fv2%2Fcomments&post=16698"}],"version-history":[{"count":4,"href":"http:\/\/www.weinstrassesued.com\/index.php?rest_route=\/wp\/v2\/posts\/16698\/revisions"}],"predecessor-version":[{"id":16702,"href":"http:\/\/www.weinstrassesued.com\/index.php?rest_route=\/wp\/v2\/posts\/16698\/revisions\/16702"}],"wp:featuredmedia":[{"embeddable":true,"href":"http:\/\/www.weinstrassesued.com\/index.php?rest_route=\/wp\/v2\/media\/14714"}],"wp:attachment":[{"href":"http:\/\/www.weinstrassesued.com\/index.php?rest_route=%2Fwp%2Fv2%2Fmedia&parent=16698"}],"wp:term":[{"taxonomy":"category","embeddable":true,"href":"http:\/\/www.weinstrassesued.com\/index.php?rest_route=%2Fwp%2Fv2%2Fcategories&post=16698"},{"taxonomy":"post_tag","embeddable":true,"href":"http:\/\/www.weinstrassesued.com\/index.php?rest_route=%2Fwp%2Fv2%2Ftags&post=16698"}],"curies":[{"name":"wp","href":"https:\/\/api.w.org\/{rel}","templated":true}]}}