{"id":16544,"date":"2015-10-26T12:30:53","date_gmt":"2015-10-26T11:30:53","guid":{"rendered":"http:\/\/www.weinstrassesued.com\/?p=16544"},"modified":"2015-10-26T13:06:18","modified_gmt":"2015-10-26T12:06:18","slug":"unentschieden-gegen-sg-schlern","status":"publish","type":"post","link":"http:\/\/www.weinstrassesued.com\/?p=16544","title":{"rendered":"Unentschieden gegen SG Schlern"},"content":{"rendered":"<p style=\"text-align: justify;\">i.B.: links AMOFAH, in der Mitte ZADRA<\/p>\n<p style=\"text-align: justify;\">Gegen die SG Schlern gab es zu Hause ein 2-2 Unentschieden, nachdem unsere Jungs 2 Mal in R\u00fcckstand geraten waren.<\/p>\n<p style=\"text-align: justify;\">In einer langweiligen ersten H\u00e4lfte waren die beiden Tore die einzigen\u00a0richtigen Aufreger.\u00a0Den Anfang machten die G\u00e4ste vom Hochplateau, als der v\u00f6llig allein gelassene Plankl den Ball in aller Ruhe annehmen konnte \u00a0und am\u00a0machtlosen Corradini vorbei ins\u00a0Netz bef\u00f6rderte. Fast postwendend fiel Amofah nach\u00a0einer Einzelaktion von Alexander Fabbris der Ball vor die F\u00fc\u00dfe. Unser\u00a0Mittelst\u00fcrmer lie\u00df sich nicht zweimal bitten und netzte ein.<\/p>\n<p style=\"text-align: justify;\">Die 2. H\u00e4lfte begann mit einem Schock f\u00fcr unsere Jungs. Es war nicht einmal eine Minute gespielt als der Schiedsrichter auf Handelfmeter entschied. Spezialist Ivan Germano trat an und versenkte sicher. Nun schien unsere Mannschaft aus dem Dornr\u00f6schenschlaf erwacht und\u00a0zeigte wenigstens den Willen das Spiel umzubiegen. Die G\u00e4steabwehr erwies sich als nicht gerade sattelfest und dementsprechend zahlreiche Chancen\u00a0ergaben sich. Nach einigen vergebenen M\u00f6glichkeiten war es wieder Willy Amofah, der bei einem Get\u00fcmmel im Strafraum den \u00dcberblick behielt und den Ausgleich erzielte. Auch in der Folge dr\u00fcckten unsere Jungs weiter auf den Siegtreffer, ein Tor fiel jedoch keines mehr.<\/p>\n<p style=\"text-align: justify;\">Spielerisch spielt unsere Mannschaft weiterhin weit unter ihren M\u00f6glichkeiten.\u00a0Zumindest die Moral scheint zu stimmen, wollen wir hoffen dass ihn Zukunft auch die spielerische Leichtigkeit wieder zur\u00fcckkommt.<\/p>\n<p style=\"text-align: justify;\">Weinstrasse S\u00fcd &#8211; SG Schlern<br \/>\nErgebnis:<br \/>\n2-2<\/p>\n<p>Weinstrasse S\u00fcd:<br \/>\nCorradini, Peer, Mark (&#8217;69 Pichler), Christoforetti, Palma, Sanoll Simon, Dellasega,\u00a0 Vasile (&#8217;59 Sanoll Clemens), Amofah, Zadra, Fabris<br \/>\nCoTrainer: Gianluca Pellizzari<br \/>\nTrainer: Fabio Ianeselli<\/p>\n<p>Schlern:<br \/>\nIardino, Della Rosa, Niedermayr, Karbon, Primerano, Malfertheiner Martin, Unterkofler (&#8217;90+1 Plunger), Zemmer (&#8217;63 Malfertheiner Alex), Plankl, Germano, Corradin (&#8217;77 Gaslitter)<br \/>\nTrainer: Memmo Fabio<\/p>\n<p>Schiedsricher:<br \/>\nDi Renzo (Bozen)<\/p>\n<p>Tore:<br \/>\n0-1\u00a0 &#8217;21 Plankl<br \/>\n1-1\u00a0 &#8217;22 Amofah<br \/>\n1-2\u00a0 &#8217;47 (Handelfmeter) Germano<br \/>\n2-2\u00a0 &#8217;79 Amofah<\/p>\n<p>Alle Fotos zum Spiel <a href=\"http:\/\/www.weinstrassesued.com\/?page_id=16502\">HIER<\/a><\/p>\n","protected":false},"excerpt":{"rendered":"<p>i.B.: links AMOFAH, in der Mitte ZADRA Gegen die SG Schlern gab es zu Hause ein 2-2 Unentschieden, nachdem unsere Jungs 2 Mal in R\u00fcckstand geraten waren. In einer langweiligen ersten H\u00e4lfte waren die beiden Tore die einzigen\u00a0richtigen Aufreger.\u00a0Den Anfang machten die G\u00e4ste vom Hochplateau, als der v\u00f6llig allein gelassene [&hellip;]<\/p>\n","protected":false},"author":12,"featured_media":16524,"comment_status":"closed","ping_status":"closed","sticky":false,"template":"","format":"standard","meta":[],"categories":[4,1,3],"tags":[],"_links":{"self":[{"href":"http:\/\/www.weinstrassesued.com\/index.php?rest_route=\/wp\/v2\/posts\/16544"}],"collection":[{"href":"http:\/\/www.weinstrassesued.com\/index.php?rest_route=\/wp\/v2\/posts"}],"about":[{"href":"http:\/\/www.weinstrassesued.com\/index.php?rest_route=\/wp\/v2\/types\/post"}],"author":[{"embeddable":true,"href":"http:\/\/www.weinstrassesued.com\/index.php?rest_route=\/wp\/v2\/users\/12"}],"replies":[{"embeddable":true,"href":"http:\/\/www.weinstrassesued.com\/index.php?rest_route=%2Fwp%2Fv2%2Fcomments&post=16544"}],"version-history":[{"count":5,"href":"http:\/\/www.weinstrassesued.com\/index.php?rest_route=\/wp\/v2\/posts\/16544\/revisions"}],"predecessor-version":[{"id":16551,"href":"http:\/\/www.weinstrassesued.com\/index.php?rest_route=\/wp\/v2\/posts\/16544\/revisions\/16551"}],"wp:featuredmedia":[{"embeddable":true,"href":"http:\/\/www.weinstrassesued.com\/index.php?rest_route=\/wp\/v2\/media\/16524"}],"wp:attachment":[{"href":"http:\/\/www.weinstrassesued.com\/index.php?rest_route=%2Fwp%2Fv2%2Fmedia&parent=16544"}],"wp:term":[{"taxonomy":"category","embeddable":true,"href":"http:\/\/www.weinstrassesued.com\/index.php?rest_route=%2Fwp%2Fv2%2Fcategories&post=16544"},{"taxonomy":"post_tag","embeddable":true,"href":"http:\/\/www.weinstrassesued.com\/index.php?rest_route=%2Fwp%2Fv2%2Ftags&post=16544"}],"curies":[{"name":"wp","href":"https:\/\/api.w.org\/{rel}","templated":true}]}}