{"id":16166,"date":"2015-09-23T13:09:19","date_gmt":"2015-09-23T11:09:19","guid":{"rendered":"http:\/\/www.weinstrassesued.com\/?p=16166"},"modified":"2015-09-23T21:58:54","modified_gmt":"2015-09-23T19:58:54","slug":"enttaeuschende-leistung-unserer-junioren-gegen-kaltern","status":"publish","type":"post","link":"http:\/\/www.weinstrassesued.com\/?p=16166","title":{"rendered":"Entt\u00e4uschende Leistung unserer Junioren gegen Kaltern."},"content":{"rendered":"<p style=\"text-align: justify;\">i.B. Jonas Eschgf\u00e4ller<\/p>\n<p style=\"text-align: justify;\">Am 3. Spieltag ging es f\u00fcr unsere Jungs zum schweren Ausw\u00e4rtsspiel nach Kaltern. Kaltern ist wie im letzten Jahr auch ein Mitfavorit auf den Meistertitel. Die letzen Begegnungen waren stets hart umk\u00e4mpft und deshalb standen die Zeichen gut, ein spannendes Spiel zu sehen. Doch unsere Truppe, angef\u00fchrt von Kapit\u00e4n Jonas Eschgf\u00e4ller, kam einfach nicht ins Spiel. Die Hausherren\u00a0 trafen einen besseren Start und versuchten sofort ihr Spiel aufzuziehen. Die Kalterer hatten im Mittelfeld klar die Oberhand, mit gezielten Steilp\u00e4ssen gelang es immer wieder, unsere Abwehr aushebeln und gef\u00e4hrlich vors Tor zu gelangen. Einzig und allein unser Schlussmann Simon Dissertori hielt mit guten Paraden die Null fest.In der 35. Minute jedoch z\u00f6gerte er kurz beim Herauslaufen, was vom Kalterer St\u00fcrmer, der zuvor wieder durch einen Steilpass aus dem Mittelfeld brillieren konnte, eiskalt ausgenutz wurde und\u00a0 zum 1:0 f\u00fchrte. Durch das Gegentor wurde unsere Mannschaft zus\u00e4tzlich verunsichert. Sie versuchten zwar immer wieder, den Ball hinten herauszuspielen und die schnellen Fl\u00fcgel einzusetzen, doch auch die einfachsten P\u00e4sse wollten nicht gelingen. In der Halbzeitpause versuchte Trainer Scambo seine Jungs mit einer hitzigen Ansprache neu zu motivieren um das Spiel noch zu drehen, was auch seine Wirkung zeigte. Zur\u00fcck auf dem Platz gelang es unseren Junioren, sich trotz vieler technischer Fehler Chancen herauszuspielen. In der 62. Minute setzte sich Hanachi Ouassim auf den Fl\u00fcgel gegen\u00a0 zwei Gegenspieler durch und konnte nur mehr mit einem Faul im Sechzehner gestoppt werden. Den Elfmeter f\u00fchrte der Gefaulte nat\u00fcrlich selber aus, doch er scheiterte gleich zweimal am Schlussmann der Kalterer, der zuerst den Strafsto\u00df hielt und dann mit einer unfassbaren Reaktion auch noch den Nachschuss entsch\u00e4rfte. Aus\u00a0 dieser vergebenen M\u00f6glichkeit versuchten die Kalterer Junioren, den mentalen Vorteil zu nutzen und dr\u00e4ngten sofort auf das 2:0. Dann sah Strobl Ivan auch noch eine\u00a0 rote Karte, weil er den gegnerischen St\u00fcrmer nur durch eine Notbremse stoppen konnte. Das spielte nat\u00fcrlich den Kalterern in die Karten und das 2:0 lies nicht lange auf sich warten. Ab diesem Zeitpunkt versuchten unsere Jungs sich nochmals aufzubauen, um den Anschlusstreffer zu erzielen, doch die Heimmannschaft blieb hinten standfest und wurde immer wieder durch schnelle Konter gef\u00e4hrlich. In der 81. Minute fiel dann das 3:0, woran unsere Junioren bis zum Schlusspfiff nichts mehr \u00e4ndern konnten.<\/p>\n<p style=\"text-align: justify;\">Die <a href=\"http:\/\/www.altoadigegol.it\/classifica\/altoadige\/juniores-provinciali-girone-a-000791002015\/2016\/\">Tabelle<\/a><\/p>\n","protected":false},"excerpt":{"rendered":"<p>i.B. Jonas Eschgf\u00e4ller Am 3. Spieltag ging es f\u00fcr unsere Jungs zum schweren Ausw\u00e4rtsspiel nach Kaltern. Kaltern ist wie im letzten Jahr auch ein Mitfavorit auf den Meistertitel. Die letzen Begegnungen waren stets hart umk\u00e4mpft und deshalb standen die Zeichen gut, ein spannendes Spiel zu sehen. Doch unsere Truppe, angef\u00fchrt [&hellip;]<\/p>\n","protected":false},"author":12,"featured_media":16167,"comment_status":"closed","ping_status":"closed","sticky":false,"template":"","format":"standard","meta":[],"categories":[1,7,3],"tags":[],"_links":{"self":[{"href":"http:\/\/www.weinstrassesued.com\/index.php?rest_route=\/wp\/v2\/posts\/16166"}],"collection":[{"href":"http:\/\/www.weinstrassesued.com\/index.php?rest_route=\/wp\/v2\/posts"}],"about":[{"href":"http:\/\/www.weinstrassesued.com\/index.php?rest_route=\/wp\/v2\/types\/post"}],"author":[{"embeddable":true,"href":"http:\/\/www.weinstrassesued.com\/index.php?rest_route=\/wp\/v2\/users\/12"}],"replies":[{"embeddable":true,"href":"http:\/\/www.weinstrassesued.com\/index.php?rest_route=%2Fwp%2Fv2%2Fcomments&post=16166"}],"version-history":[{"count":3,"href":"http:\/\/www.weinstrassesued.com\/index.php?rest_route=\/wp\/v2\/posts\/16166\/revisions"}],"predecessor-version":[{"id":16170,"href":"http:\/\/www.weinstrassesued.com\/index.php?rest_route=\/wp\/v2\/posts\/16166\/revisions\/16170"}],"wp:featuredmedia":[{"embeddable":true,"href":"http:\/\/www.weinstrassesued.com\/index.php?rest_route=\/wp\/v2\/media\/16167"}],"wp:attachment":[{"href":"http:\/\/www.weinstrassesued.com\/index.php?rest_route=%2Fwp%2Fv2%2Fmedia&parent=16166"}],"wp:term":[{"taxonomy":"category","embeddable":true,"href":"http:\/\/www.weinstrassesued.com\/index.php?rest_route=%2Fwp%2Fv2%2Fcategories&post=16166"},{"taxonomy":"post_tag","embeddable":true,"href":"http:\/\/www.weinstrassesued.com\/index.php?rest_route=%2Fwp%2Fv2%2Ftags&post=16166"}],"curies":[{"name":"wp","href":"https:\/\/api.w.org\/{rel}","templated":true}]}}