{"id":15586,"date":"2015-09-08T19:06:22","date_gmt":"2015-09-08T17:06:22","guid":{"rendered":"http:\/\/www.weinstrassesued.com\/?p=15586"},"modified":"2015-09-08T19:06:22","modified_gmt":"2015-09-08T17:06:22","slug":"junioren-201516","status":"publish","type":"post","link":"http:\/\/www.weinstrassesued.com\/?p=15586","title":{"rendered":"Junioren 2015\/16"},"content":{"rendered":"<p>Die Junioren pr\u00e4sentieren sich f\u00fcr die neue Saison mit dem Ziel den Titel zu verteidigen. Die Mannschaft setzt sich aus den Jahrg\u00e4ngen 95\/96\/97\/98\/99 zusammen. Zu vermelden ist der Abgang von Werner Fischer, der nach Kaltern wechselte, wir w\u00fcnschen ihm viel Erfolg. Werner wird von Tobias Terzer und Simon Dissertori ersetzt, Simon spielte in der abgelaufenen Saison bei St. Pauls. Des weiteren haben wir 2 Neuzug\u00e4nge, Leonardo Lazzeri aus Bozen und Lukas Vedovelli aus Neumarkt.<\/p>\n<p>&nbsp;<\/p>\n<p><strong>Auftaktspiel<\/strong><\/p>\n<p>In der ersten Begegnung traffen wir auf Passeier, gespielt wurde in St. Leonhard.<br \/>\nMit 10 Ausf\u00e4llen starteten wir in die neue Saison, was zur Folge hatte, dass der Neuzugang Lukas gleich von Beginn an startete und so seine Klasse unter Beweis stellen konnte. \u00a0Ein grosses Kompliment an Ihn, da der ohne Training 80 min. durchhielt: er ist eine grosse Bereicherung f\u00fcr unser Team.<br \/>\nZum Spiel: Das Spiel gestaltete sich f\u00fcr uns relativ einfach, nach 15 min. lagen wir durch einen Doppelpack von Oca 2 \u2013 0 in F\u00fchrung. Folgilich konnten wir mit nur 2 Wechseln das Spiel\u00a0locker \u00fcber die Runden bringen, ohne gro\u00dfe Risiken einzugehen. Unsere Mannschaft spielte sehr kompakt und technisch waren wir dem Gegner sehr\u00a0\u00fcberlegen. Das 2 \u2013 1 \u00a0Endergebnis geht vollkommen in Ordnung. Wir sind gl\u00fccklich einen super Saisonsstart hingelegt zu haben. Nun hei\u00dft es weiter\u00a0flei\u00dfig trainieren, um unser Saisonziel \u201eTitelverteitigung\u201c zu erreichen.<\/p>\n<p>pag.<\/p>\n<div class='gallery'><dl class='gallery-item'>\n\t\t\t<dt class='gallery-icon landscape'>\n\t\t\t\t<a href='http:\/\/www.weinstrassesued.com\/wp-content\/uploads\/2015\/09\/Fotos-hinrunde1-e1441731903416.jpg'><img width=\"150\" height=\"150\" src=\"http:\/\/www.weinstrassesued.com\/wp-content\/uploads\/2015\/09\/Fotos-hinrunde1-150x150.jpg\" class=\"attachment-thumbnail size-thumbnail\" alt=\"\" decoding=\"async\" loading=\"lazy\" \/><\/a>\n\t\t\t<\/dt><\/dl>\n\t\t\t<br style='clear: both' \/>\n\t\t<\/div>\n\n","protected":false},"excerpt":{"rendered":"<p>Die Junioren pr\u00e4sentieren sich f\u00fcr die neue Saison mit dem Ziel den Titel zu verteidigen. Die Mannschaft setzt sich aus den Jahrg\u00e4ngen 95\/96\/97\/98\/99 zusammen. Zu vermelden ist der Abgang von Werner Fischer, der nach Kaltern wechselte, wir w\u00fcnschen ihm viel Erfolg. Werner wird von Tobias Terzer und Simon Dissertori ersetzt, [&hellip;]<\/p>\n","protected":false},"author":1,"featured_media":15587,"comment_status":"closed","ping_status":"closed","sticky":false,"template":"","format":"standard","meta":[],"categories":[1,7,3],"tags":[],"_links":{"self":[{"href":"http:\/\/www.weinstrassesued.com\/index.php?rest_route=\/wp\/v2\/posts\/15586"}],"collection":[{"href":"http:\/\/www.weinstrassesued.com\/index.php?rest_route=\/wp\/v2\/posts"}],"about":[{"href":"http:\/\/www.weinstrassesued.com\/index.php?rest_route=\/wp\/v2\/types\/post"}],"author":[{"embeddable":true,"href":"http:\/\/www.weinstrassesued.com\/index.php?rest_route=\/wp\/v2\/users\/1"}],"replies":[{"embeddable":true,"href":"http:\/\/www.weinstrassesued.com\/index.php?rest_route=%2Fwp%2Fv2%2Fcomments&post=15586"}],"version-history":[{"count":2,"href":"http:\/\/www.weinstrassesued.com\/index.php?rest_route=\/wp\/v2\/posts\/15586\/revisions"}],"predecessor-version":[{"id":15589,"href":"http:\/\/www.weinstrassesued.com\/index.php?rest_route=\/wp\/v2\/posts\/15586\/revisions\/15589"}],"wp:featuredmedia":[{"embeddable":true,"href":"http:\/\/www.weinstrassesued.com\/index.php?rest_route=\/wp\/v2\/media\/15587"}],"wp:attachment":[{"href":"http:\/\/www.weinstrassesued.com\/index.php?rest_route=%2Fwp%2Fv2%2Fmedia&parent=15586"}],"wp:term":[{"taxonomy":"category","embeddable":true,"href":"http:\/\/www.weinstrassesued.com\/index.php?rest_route=%2Fwp%2Fv2%2Fcategories&post=15586"},{"taxonomy":"post_tag","embeddable":true,"href":"http:\/\/www.weinstrassesued.com\/index.php?rest_route=%2Fwp%2Fv2%2Ftags&post=15586"}],"curies":[{"name":"wp","href":"https:\/\/api.w.org\/{rel}","templated":true}]}}