{"id":15248,"date":"2015-05-31T22:36:11","date_gmt":"2015-05-31T20:36:11","guid":{"rendered":"http:\/\/www.weinstrassesued.com\/?p=15248"},"modified":"2015-05-31T22:36:11","modified_gmt":"2015-05-31T20:36:11","slug":"saisonende-reserve","status":"publish","type":"post","link":"http:\/\/www.weinstrassesued.com\/?p=15248","title":{"rendered":"Saisonende: Reserve"},"content":{"rendered":"<p>Mehr als \u201eFreizeit\u201c\u2026<\/p>\n<p>bekamen die Zuschauer heuer in Margreid und Kurtatsch von unserer 2-ten Mannschaft zu sehen. Vom \u201eZauberfu\u00dfball\u201c hin bis zum \u201em\u00fcden Wochen end kick\u201c gab es alles zu sehen heuer. Nach einer wirklich tollen Meisterschaft und einem Kopf an Kopf Rennen mit unseren Nachbarn aus Tramin musste sich unsere Freizeitmannschaft am Ende der Meisterschaft knapp geschlagen geben und mit dem 2-ten Tabellenplatz vorlieb nehmen.<br \/>\nDer letzt j\u00e4hrige Trainer und Vereinspr\u00e4sident Stefan Gruber konnte nach dem erfolgreichen Gewinn der Meisterschaft 2013\/14 ruhigen Gewissen zur\u00fccktreten und die Mannschaft an Neo-Coach Vontavon Armin, welcher vorher die zweite Geige spielte und f\u00fcr die k\u00f6rperliche Fitness der Mannschaft verantwortlich war, \u00fcbergeben.<br \/>\nNach einer soliden Vorbereitung und einer klasse Hinrunde konnte man den \u201ePanettone\u201c zu Weihnachten richtig genie\u00dfen, da man alleiniger Spitzenreiter und bis dato sogar ungeschlagen war. Man holte von 27 m\u00f6glichen Punkten 21.<br \/>\nIn der R\u00fcckrunde dann der D\u00e4mpfer. Die Vorbereitung war m\u00e4\u00dfig, die ersten Spiele schwierig und mit 2 Niederlagen aus den ersten 3 Spielen war der Platz an der Sonne schnell weg, zumal man das direkte Spiel gegen Tramin mit 2-1 verlor. Doch unsre Jungs bewiesen Moral und meldeten sich nochmals zur\u00fcck. Man arbeitete sich bis auf 3 Z\u00e4hler an den Tabellenf\u00fchrer ran. Jedoch leider, als man die M\u00f6glichkeit hatte vorzulegen, verloren unsre Jungs das wichtige Spiel in Petersberg mit 3-2. Nach dieser Niederlage waren unsere Nachbarn nicht mehr einzuholen und unser Team beendeten die Saison souver\u00e4n auf Platz 2. In der R\u00fcckrunde wurden von 27 m\u00f6glichen Punkten 14 geholt.<br \/>\nAls Zweitplazierter waren wir f\u00fcr die Teilnahme an den Finalspielen in Mals qualifiziert. Die Teilnahme an den Finalspielen wurde aber geschlossen von der Mannschaft abgesagt da f\u00fcr die n\u00f6tigen Qualifikationsspiele zu viele Spieler (aus Urlaubsgr\u00fcnden bzw. anderen Verpflichtungen) fehlten.<br \/>\nTrotz der nicht erfolgreichen Titelverteidigung gibt es einige positive Aspekte dieser Saison hervorzuheben. Zum ersten Mal in unserer Vereinsgeschichte ist die Freizeitmannschaft n\u00e4mlich zu Hause ungeschlagen. Auf heimischen Rasen wurde kein Spiel verloren. Mit nur 2 Platzverwei\u00dfen (beide wurden im selben Spiel geholt) in 18 Spielen z\u00e4hlen wir zur fairsten Mannschaft in unserer Liga und mit 15 Treffern stellen wir auch den besten Torsch\u00fctzen in unserem Kreis.<br \/>\nNach dieser tollen Saison gehen nun alle in den wohlverdienten Urlaub und im n\u00e4chsten Jahr werden unsre Jungs sicherlich wieder angreifen und am Ende hoffentlich ganz oben stehen.<\/p>\n","protected":false},"excerpt":{"rendered":"<p>Mehr als \u201eFreizeit\u201c\u2026 bekamen die Zuschauer heuer in Margreid und Kurtatsch von unserer 2-ten Mannschaft zu sehen. Vom \u201eZauberfu\u00dfball\u201c hin bis zum \u201em\u00fcden Wochen end kick\u201c gab es alles zu sehen heuer. Nach einer wirklich tollen Meisterschaft und einem Kopf an Kopf Rennen mit unseren Nachbarn aus Tramin musste sich [&hellip;]<\/p>\n","protected":false},"author":1,"featured_media":2713,"comment_status":"closed","ping_status":"closed","sticky":false,"template":"","format":"standard","meta":[],"categories":[1,3,5],"tags":[],"_links":{"self":[{"href":"http:\/\/www.weinstrassesued.com\/index.php?rest_route=\/wp\/v2\/posts\/15248"}],"collection":[{"href":"http:\/\/www.weinstrassesued.com\/index.php?rest_route=\/wp\/v2\/posts"}],"about":[{"href":"http:\/\/www.weinstrassesued.com\/index.php?rest_route=\/wp\/v2\/types\/post"}],"author":[{"embeddable":true,"href":"http:\/\/www.weinstrassesued.com\/index.php?rest_route=\/wp\/v2\/users\/1"}],"replies":[{"embeddable":true,"href":"http:\/\/www.weinstrassesued.com\/index.php?rest_route=%2Fwp%2Fv2%2Fcomments&post=15248"}],"version-history":[{"count":1,"href":"http:\/\/www.weinstrassesued.com\/index.php?rest_route=\/wp\/v2\/posts\/15248\/revisions"}],"predecessor-version":[{"id":15249,"href":"http:\/\/www.weinstrassesued.com\/index.php?rest_route=\/wp\/v2\/posts\/15248\/revisions\/15249"}],"wp:featuredmedia":[{"embeddable":true,"href":"http:\/\/www.weinstrassesued.com\/index.php?rest_route=\/wp\/v2\/media\/2713"}],"wp:attachment":[{"href":"http:\/\/www.weinstrassesued.com\/index.php?rest_route=%2Fwp%2Fv2%2Fmedia&parent=15248"}],"wp:term":[{"taxonomy":"category","embeddable":true,"href":"http:\/\/www.weinstrassesued.com\/index.php?rest_route=%2Fwp%2Fv2%2Fcategories&post=15248"},{"taxonomy":"post_tag","embeddable":true,"href":"http:\/\/www.weinstrassesued.com\/index.php?rest_route=%2Fwp%2Fv2%2Ftags&post=15248"}],"curies":[{"name":"wp","href":"https:\/\/api.w.org\/{rel}","templated":true}]}}