{"id":14836,"date":"2014-12-22T14:04:48","date_gmt":"2014-12-22T13:04:48","guid":{"rendered":"http:\/\/www.weinstrassesued.com\/?p=14836"},"modified":"2014-12-22T17:03:07","modified_gmt":"2014-12-22T16:03:07","slug":"weihnachtsfeier-2","status":"publish","type":"post","link":"http:\/\/www.weinstrassesued.com\/?p=14836","title":{"rendered":"Weihnachtsfeier"},"content":{"rendered":"<p>Am Samstag, den 13.12.2014 feierte der SSV Weinstrasse S\u00fcd seine traditionelle Weihnachtsfeier. Heuer fand die Veranstaltung zum ersten Mal im Sitz unseres Hauptsponsors ROTHOBLAAS statt. An dieser Stelle noch einmal ein herzliches Dankesch\u00f6n an unseren Partner f\u00fcr die zur Verf\u00fcgungstellung der tollen R\u00e4umlichkeiten.<\/p>\n<p>Bei hervorragendem Essen und tollem Wine der Kellerei Kurtatsch wurde noch einmal auf das abgelaufene Jahr zur\u00fcckgeblickt und bis sp\u00e4t in die Nacht gefachsimpelt.<\/p>\n<p>Der SSV Weinstrasse S\u00fcd w\u00fcnscht auf diesem Wege allen Aktiven, Mitgliedern, G\u00f6nnern und Fans eine gesegnete Weihnacht und einen guten Rutsch ins neue Jahr.<\/p>\n<p style=\"text-align: center;\"><a title=\"Fotos Weihnachtsfeier\" href=\"https:\/\/www.dropbox.com\/sh\/ouu5341siqq00cd\/AAADXrbJCBI1Y4gKIclCJYXha?dl=0\" rel=\"https:\/\/www.dropbox.com\/sh\/ouu5341siqq00cd\/AAADXrbJCBI1Y4gKIclCJYXha?dl=0\" target=\"_blank\"><img decoding=\"async\" loading=\"lazy\" class=\"aligncenter size-medium wp-image-14149\" title=\"Fotoshier\" src=\"http:\/\/www.weinstrassesued.com\/wp-content\/uploads\/2014\/09\/fotoicon-300x213.png\" alt=\"\" width=\"300\" height=\"213\" srcset=\"http:\/\/www.weinstrassesued.com\/wp-content\/uploads\/2014\/09\/fotoicon-300x213.png 300w, http:\/\/www.weinstrassesued.com\/wp-content\/uploads\/2014\/09\/fotoicon-245x175.png 245w, http:\/\/www.weinstrassesued.com\/wp-content\/uploads\/2014\/09\/fotoicon.png 842w\" sizes=\"(max-width: 300px) 100vw, 300px\" \/><\/a><\/p>\n","protected":false},"excerpt":{"rendered":"<p>Am Samstag, den 13.12.2014 feierte der SSV Weinstrasse S\u00fcd seine traditionelle Weihnachtsfeier. Heuer fand die Veranstaltung zum ersten Mal im Sitz unseres Hauptsponsors ROTHOBLAAS statt. An dieser Stelle noch einmal ein herzliches Dankesch\u00f6n an unseren Partner f\u00fcr die zur Verf\u00fcgungstellung der tollen R\u00e4umlichkeiten. Bei hervorragendem Essen und tollem Wine der [&hellip;]<\/p>\n","protected":false},"author":1,"featured_media":14819,"comment_status":"closed","ping_status":"closed","sticky":false,"template":"","format":"standard","meta":[],"categories":[1,25,3],"tags":[],"_links":{"self":[{"href":"http:\/\/www.weinstrassesued.com\/index.php?rest_route=\/wp\/v2\/posts\/14836"}],"collection":[{"href":"http:\/\/www.weinstrassesued.com\/index.php?rest_route=\/wp\/v2\/posts"}],"about":[{"href":"http:\/\/www.weinstrassesued.com\/index.php?rest_route=\/wp\/v2\/types\/post"}],"author":[{"embeddable":true,"href":"http:\/\/www.weinstrassesued.com\/index.php?rest_route=\/wp\/v2\/users\/1"}],"replies":[{"embeddable":true,"href":"http:\/\/www.weinstrassesued.com\/index.php?rest_route=%2Fwp%2Fv2%2Fcomments&post=14836"}],"version-history":[{"count":10,"href":"http:\/\/www.weinstrassesued.com\/index.php?rest_route=\/wp\/v2\/posts\/14836\/revisions"}],"predecessor-version":[{"id":14844,"href":"http:\/\/www.weinstrassesued.com\/index.php?rest_route=\/wp\/v2\/posts\/14836\/revisions\/14844"}],"wp:featuredmedia":[{"embeddable":true,"href":"http:\/\/www.weinstrassesued.com\/index.php?rest_route=\/wp\/v2\/media\/14819"}],"wp:attachment":[{"href":"http:\/\/www.weinstrassesued.com\/index.php?rest_route=%2Fwp%2Fv2%2Fmedia&parent=14836"}],"wp:term":[{"taxonomy":"category","embeddable":true,"href":"http:\/\/www.weinstrassesued.com\/index.php?rest_route=%2Fwp%2Fv2%2Fcategories&post=14836"},{"taxonomy":"post_tag","embeddable":true,"href":"http:\/\/www.weinstrassesued.com\/index.php?rest_route=%2Fwp%2Fv2%2Ftags&post=14836"}],"curies":[{"name":"wp","href":"https:\/\/api.w.org\/{rel}","templated":true}]}}