{"id":14252,"date":"2014-09-09T19:21:09","date_gmt":"2014-09-09T17:21:09","guid":{"rendered":"http:\/\/www.weinstrassesued.com\/?p=14252"},"modified":"2014-09-09T22:05:18","modified_gmt":"2014-09-09T20:05:18","slug":"debut-der-junioren","status":"publish","type":"post","link":"http:\/\/www.weinstrassesued.com\/?p=14252","title":{"rendered":"Deb\u00fct der Junioren"},"content":{"rendered":"<p>Das Deb\u00fct der Junioren erfolgte in Kaltern.<\/p>\n<p><span style=\"text-align: justify;\">Nach 17 Minuten gingen die Hausherren in F\u00fchrung, unsere Mannschaft glich durch ein Traumtor von Pfurfel wenige Minuten sp\u00e4ter wieder aus. Kurz vor der Pause musste unsere Mannschaft nach einer Unachtsamkeit in der Verteidigung den neuerlichen R\u00fcckstand hinnehmen.<\/span><\/p>\n<p style=\"text-align: justify;\">Gleich nach dem Pausentee war es Allen, der mit einem sch\u00f6nen Tor den Gleichstand wieder herstellte. Doch damit nicht genug, zu unserer Freude erwischte Allen einen wahren Sahnetag und erzielte kurz darauf auch noch seinen zweiten Treffer in diesem Spiel. Kaltern dr\u00fcckte nun auf das Ausgleichtor, welches Sie in der letzten Minute der Nachspielzeit mit einem sch\u00f6nen Freisto\u00dftor auch erzielten.<\/p>\n<p style=\"text-align: justify;\"><a href=\"http:\/\/www.altoadigegol.it\/campionato\/altoadige\/juniores-provinciali-girone-a-000791002014\/2015\/\">Ergebnisse und Tabelle<\/a><\/p>\n<p style=\"text-align: center;\"><a href=\"https:\/\/www.dropbox.com\/sh\/w4a2ve7oq2m7pvd\/AACdaO6B2veapIvtVLNmcF1Ca?dl=0\"><img decoding=\"async\" loading=\"lazy\" class=\"aligncenter size-thumbnail wp-image-14256\" title=\"Fotos zum Spiel\" src=\"http:\/\/www.weinstrassesued.com\/wp-content\/uploads\/2014\/09\/Button-150x150.png\" alt=\"\" width=\"150\" height=\"150\" \/><\/a><\/p>\n","protected":false},"excerpt":{"rendered":"<p>Das Deb\u00fct der Junioren erfolgte in Kaltern. Nach 17 Minuten gingen die Hausherren in F\u00fchrung, unsere Mannschaft glich durch ein Traumtor von Pfurfel wenige Minuten sp\u00e4ter wieder aus. Kurz vor der Pause musste unsere Mannschaft nach einer Unachtsamkeit in der Verteidigung den neuerlichen R\u00fcckstand hinnehmen. Gleich nach dem Pausentee war [&hellip;]<\/p>\n","protected":false},"author":1,"featured_media":14259,"comment_status":"closed","ping_status":"closed","sticky":false,"template":"","format":"standard","meta":[],"categories":[1,7,3],"tags":[],"_links":{"self":[{"href":"http:\/\/www.weinstrassesued.com\/index.php?rest_route=\/wp\/v2\/posts\/14252"}],"collection":[{"href":"http:\/\/www.weinstrassesued.com\/index.php?rest_route=\/wp\/v2\/posts"}],"about":[{"href":"http:\/\/www.weinstrassesued.com\/index.php?rest_route=\/wp\/v2\/types\/post"}],"author":[{"embeddable":true,"href":"http:\/\/www.weinstrassesued.com\/index.php?rest_route=\/wp\/v2\/users\/1"}],"replies":[{"embeddable":true,"href":"http:\/\/www.weinstrassesued.com\/index.php?rest_route=%2Fwp%2Fv2%2Fcomments&post=14252"}],"version-history":[{"count":11,"href":"http:\/\/www.weinstrassesued.com\/index.php?rest_route=\/wp\/v2\/posts\/14252\/revisions"}],"predecessor-version":[{"id":14255,"href":"http:\/\/www.weinstrassesued.com\/index.php?rest_route=\/wp\/v2\/posts\/14252\/revisions\/14255"}],"wp:featuredmedia":[{"embeddable":true,"href":"http:\/\/www.weinstrassesued.com\/index.php?rest_route=\/wp\/v2\/media\/14259"}],"wp:attachment":[{"href":"http:\/\/www.weinstrassesued.com\/index.php?rest_route=%2Fwp%2Fv2%2Fmedia&parent=14252"}],"wp:term":[{"taxonomy":"category","embeddable":true,"href":"http:\/\/www.weinstrassesued.com\/index.php?rest_route=%2Fwp%2Fv2%2Fcategories&post=14252"},{"taxonomy":"post_tag","embeddable":true,"href":"http:\/\/www.weinstrassesued.com\/index.php?rest_route=%2Fwp%2Fv2%2Ftags&post=14252"}],"curies":[{"name":"wp","href":"https:\/\/api.w.org\/{rel}","templated":true}]}}