{"id":1421,"date":"2011-09-06T16:50:39","date_gmt":"2011-09-06T14:50:39","guid":{"rendered":"http:\/\/www.weinstrassesued.com\/?p=1421"},"modified":"2011-09-06T18:19:14","modified_gmt":"2011-09-06T16:19:14","slug":"afc-eppan-weinstrasse-sud-b-11-10","status":"publish","type":"post","link":"http:\/\/www.weinstrassesued.com\/?p=1421","title":{"rendered":"Eppan &#8211; Weinstrasse B 1:1"},"content":{"rendered":"<p style=\"text-align: center;\">\n<p>Mit einem leistungsgerechten 1:1 Unentschieden und einer ansprechenden Leistung startete unsere 2. Mannschaft am Samstagabend gegen Eppan in die Saison 2011\/2012. H\u00e4tte man die kurze Schw\u00e4chephase der Eppaner kurz nach der Pause noch konsequenter genutzt, w\u00e4re sogar mehr m\u00f6glich gewesen.<\/p>\n<p style=\"text-align: justify;\">Obwohl sich Eppan in der Anfangsphase eine leichte optische \u00dcberlegenheit erarbeiten konnte, war es unser Innenverteidiger Manuel Walter, welcher erstmals f\u00fcr Alarm im gegnerischen Strafraum sorgte. Eine von rechts getretene Ecke setzte er per Kopf nur knapp \u00fcbers linke Kreuzeck. In der Folge versuchte Eppan sich immer wieder gute Freisto\u00dfpositionen rauszuholen, da sie in dieser Hinsicht bekannterma\u00dfen \u00fcber einige Scharfsch\u00fctzen verf\u00fcgen. In der 20. Minute musste unser Torh\u00fcter Harald Zelger einen dieser gef\u00fcrchteten Geschosse entsch\u00e4rfen. Den Freisto\u00df aus 25 Metern Entfernung lenkte er mit einer spektakul\u00e4ren Flugeinlage \u00fcber die Querlatte. Wenige Minuten sp\u00e4ter entsprang aus einem missgl\u00fcckten Abschlag das Gegentor zum 0:1. Der missgl\u00fcckte, weil zu kurz geratene Abschlag landete direkt bei einem gegnerischen Spieler und mittels ein, zwei kurzen P\u00e4ssen war unsere, in diesem Fall unsortierte Abwehr \u00fcberspielt, was ein gegnerischer St\u00fcrmer mit einem Heber ins linke Eck bestrafte.<\/p>\n<p style=\"text-align: justify;\">Doch unsere Mannschaft zeigte sich in keinster Weise geschockt und h\u00e4tte schon kurz darauf ausgleichen k\u00f6nnen. Nach einem Steilpass war es unser St\u00fcrmer Alexander Schweiggl, welcher frei Richtung Torwart laufen konnte. Er scheiterte jedoch, weil dieser den Winkel geschickt verk\u00fcrzte. Auch wurde uns ein vermeintlicher Ausgleichstreffer, mittels einer mehr als zweifelhaften Abseitsentscheidung des Schiedsrichters vorenthalten. Mit einem ungl\u00fccklichen 0:1 ging es in die Halbzeitpause.<\/p>\n<p style=\"text-align: justify;\">Was zu Beginn der 2. Halbzeit folgte, war die beste Phase unserer Mannschaft an diesem Abend. Durch aggressives Forchecking gelang es uns mehr und mehr die etwas m\u00fcder werdenden Eppaner in deren eigener H\u00e4lfte einzuschn\u00fcren. So fiel der Ausgleichstreffer in Minute 50 wenig \u00fcberraschend. Nach einem feinen Zuspiel von Alexander Schweiggl war es dessen Sturmpartner Andreas Kofler, welcher den Torh\u00fcter mit einem Heber \u00fcberlupfen konnte und anschlie\u00dfend den Ball aus spitzem Winkel \u00fcber die Torlinie bugsierte. Zugegebenerma\u00dfen, ein Tor, was nicht z\u00e4hlen h\u00e4tte d\u00fcrfen, da sich der Torsch\u00fctze beim Zuspiel klar im Abseits befunden hat. Im nachhinein kann man es jedoch als ausgleichende Gerechtigkeit f\u00fcr das nicht gegebene Tor aus Halbzeit 1 sehen. F\u00fcr Kofler war es wie \u201eein Treffer im eigenen Wohnzimmer\u201c, da er in der Sportzone Rungg, wie auch schon in den Jahren zuvor, besonders gern einlocht (leider bisher fast ausschlie\u00dflich nur dort).<\/p>\n<p style=\"text-align: justify;\">Befl\u00fcgelt vom Ausgleich spielten wir daraufhin weiter munter nach vorne, doch konnte man die Spielz\u00fcge oftmals nicht vern\u00fcnftig zu Ende spielen, weil der letzte Pass zu oft nicht ankam. Nach der gelb-roten Karte gegen Matth\u00e4us Ranigler in der 70. Minute wegen Ballblockierens bei einem gegnerischen Freisto\u00df war der Spielfluss endg\u00fcltig gerissen. Die restliche Spielzeit beschr\u00e4nkten wir uns aufs Konterspiel ohne in der Abwehr noch gro\u00df in Verlegenheit zu geraten und konnten letzten Endes mit dem Unentschieden ganz gut leben.<\/p>\n<p style=\"text-align: justify;\">Aufstellung:<br \/>\nZelger, Piger, Zemmer, Walter, Ranzi, Gallmetzer, Gretter (ab 54 Schwarz), Kofler (ab 83 Peer), Terzer Roland (ab 72 Pfaffstaller), Vontavon (ab 40 Ranigler), Schweiggl (ab 54 Terzer Patrick)<\/p>\n<p style=\"text-align: justify;\">Trainer: Gruber Stefan<\/p>\n<p style=\"text-align: justify;\">Torsch\u00fctzen: 1:1 Kofler (50 min)<\/p>\n","protected":false},"excerpt":{"rendered":"<p>Mit einem leistungsgerechten 1:1 Unentschieden und einer ansprechenden Leistung startete unsere 2. Mannschaft am Samstagabend gegen Eppan in die Saison 2011\/2012. H\u00e4tte man die kurze Schw\u00e4chephase der Eppaner kurz nach der Pause noch konsequenter genutzt, w\u00e4re sogar mehr m\u00f6glich gewesen. Obwohl sich Eppan in der Anfangsphase eine leichte optische \u00dcberlegenheit [&hellip;]<\/p>\n","protected":false},"author":12,"featured_media":1293,"comment_status":"open","ping_status":"open","sticky":false,"template":"","format":"standard","meta":[],"categories":[1,3,5],"tags":[],"_links":{"self":[{"href":"http:\/\/www.weinstrassesued.com\/index.php?rest_route=\/wp\/v2\/posts\/1421"}],"collection":[{"href":"http:\/\/www.weinstrassesued.com\/index.php?rest_route=\/wp\/v2\/posts"}],"about":[{"href":"http:\/\/www.weinstrassesued.com\/index.php?rest_route=\/wp\/v2\/types\/post"}],"author":[{"embeddable":true,"href":"http:\/\/www.weinstrassesued.com\/index.php?rest_route=\/wp\/v2\/users\/12"}],"replies":[{"embeddable":true,"href":"http:\/\/www.weinstrassesued.com\/index.php?rest_route=%2Fwp%2Fv2%2Fcomments&post=1421"}],"version-history":[{"count":10,"href":"http:\/\/www.weinstrassesued.com\/index.php?rest_route=\/wp\/v2\/posts\/1421\/revisions"}],"predecessor-version":[{"id":1424,"href":"http:\/\/www.weinstrassesued.com\/index.php?rest_route=\/wp\/v2\/posts\/1421\/revisions\/1424"}],"wp:featuredmedia":[{"embeddable":true,"href":"http:\/\/www.weinstrassesued.com\/index.php?rest_route=\/wp\/v2\/media\/1293"}],"wp:attachment":[{"href":"http:\/\/www.weinstrassesued.com\/index.php?rest_route=%2Fwp%2Fv2%2Fmedia&parent=1421"}],"wp:term":[{"taxonomy":"category","embeddable":true,"href":"http:\/\/www.weinstrassesued.com\/index.php?rest_route=%2Fwp%2Fv2%2Fcategories&post=1421"},{"taxonomy":"post_tag","embeddable":true,"href":"http:\/\/www.weinstrassesued.com\/index.php?rest_route=%2Fwp%2Fv2%2Ftags&post=1421"}],"curies":[{"name":"wp","href":"https:\/\/api.w.org\/{rel}","templated":true}]}}