{"id":13441,"date":"2014-04-05T14:48:44","date_gmt":"2014-04-05T12:48:44","guid":{"rendered":"http:\/\/www.weinstrassesued.com\/?p=13441"},"modified":"2014-04-05T14:49:38","modified_gmt":"2014-04-05T12:49:38","slug":"unsere-kleinsten-2","status":"publish","type":"post","link":"http:\/\/www.weinstrassesued.com\/?p=13441","title":{"rendered":"Unsere Kleinsten&#8230;"},"content":{"rendered":"<p style=\"text-align: justify;\">Sabato 29 marzo presso il campo sportivo di Magr\u00e8 circa 30 bambini delle annate dal 2006 al 2008 provenienti da Cortina, Magr\u00e8 e Cortaccia si sono incontrati per dar vita ad un pomeriggio di divertimento. Con l\u2019aiuto di quattro allenatori e del responsabile del settore giovanile hanno alternato partite di calcio a giochi con la palla e senza. Anche con l\u2019aiuto della bella giornata l\u2019incontro \u00e8 piaciuto molto ai bambini che hanno avuto la possibilit\u00e0 di confrontarsi in diverse situazioni. Per gli organizzatori \u00e8 stata una bella soddisfazione che li incentiva a ripetere l\u2019iniziativa in un prossimo futuro.<\/p>\n<p style=\"text-align: justify;\">Am 29. M\u00e4rz trafen sich ca. 30 Kinder am Sportplatz in Margreid, Jahrgang 2006 bis 2008 von Kurtinig Margreid und Kurtatsch, um einen Nachmittag voller Spa\u00df zu verbringen. Mit Hilfe von vier Trainern und dem Verantwortlichen vom Jugendsektor machten die Kinder abwechselnd Fu\u00dfballspiele und andere Spiele mit und ohne Ball. Auch das sch\u00f6ne Wetter hat zum guten Gelingen dieses Treffens beigetragen um den Kindern hat es sehr gefallen. Sie hatten die M\u00f6glichkeit sich in verschiedenen Situationen zu beweisen. F\u00fcr die Organisatoren war es eine gro\u00dfe Genugtuung, sodass diese Initiative f\u00fcr ein weiteres Mal organisiert wird.<\/p>\n<p style=\"text-align: justify;\">\n<p style=\"text-align: justify;\">Fotos <a href=\"http:\/\/www.weinstrassesued.com\/?page_id=13417\">HIER<\/a><\/p>\n","protected":false},"excerpt":{"rendered":"<p>Sabato 29 marzo presso il campo sportivo di Magr\u00e8 circa 30 bambini delle annate dal 2006 al 2008 provenienti da Cortina, Magr\u00e8 e Cortaccia si sono incontrati per dar vita ad un pomeriggio di divertimento. Con l\u2019aiuto di quattro allenatori e del responsabile del settore giovanile hanno alternato partite di [&hellip;]<\/p>\n","protected":false},"author":12,"featured_media":13430,"comment_status":"closed","ping_status":"closed","sticky":false,"template":"","format":"standard","meta":[],"categories":[29],"tags":[],"_links":{"self":[{"href":"http:\/\/www.weinstrassesued.com\/index.php?rest_route=\/wp\/v2\/posts\/13441"}],"collection":[{"href":"http:\/\/www.weinstrassesued.com\/index.php?rest_route=\/wp\/v2\/posts"}],"about":[{"href":"http:\/\/www.weinstrassesued.com\/index.php?rest_route=\/wp\/v2\/types\/post"}],"author":[{"embeddable":true,"href":"http:\/\/www.weinstrassesued.com\/index.php?rest_route=\/wp\/v2\/users\/12"}],"replies":[{"embeddable":true,"href":"http:\/\/www.weinstrassesued.com\/index.php?rest_route=%2Fwp%2Fv2%2Fcomments&post=13441"}],"version-history":[{"count":2,"href":"http:\/\/www.weinstrassesued.com\/index.php?rest_route=\/wp\/v2\/posts\/13441\/revisions"}],"predecessor-version":[{"id":13443,"href":"http:\/\/www.weinstrassesued.com\/index.php?rest_route=\/wp\/v2\/posts\/13441\/revisions\/13443"}],"wp:featuredmedia":[{"embeddable":true,"href":"http:\/\/www.weinstrassesued.com\/index.php?rest_route=\/wp\/v2\/media\/13430"}],"wp:attachment":[{"href":"http:\/\/www.weinstrassesued.com\/index.php?rest_route=%2Fwp%2Fv2%2Fmedia&parent=13441"}],"wp:term":[{"taxonomy":"category","embeddable":true,"href":"http:\/\/www.weinstrassesued.com\/index.php?rest_route=%2Fwp%2Fv2%2Fcategories&post=13441"},{"taxonomy":"post_tag","embeddable":true,"href":"http:\/\/www.weinstrassesued.com\/index.php?rest_route=%2Fwp%2Fv2%2Ftags&post=13441"}],"curies":[{"name":"wp","href":"https:\/\/api.w.org\/{rel}","templated":true}]}}