{"id":11718,"date":"2013-09-07T22:14:31","date_gmt":"2013-09-07T20:14:31","guid":{"rendered":"http:\/\/www.weinstrassesued.com\/?p=11718"},"modified":"2013-09-07T22:20:03","modified_gmt":"2013-09-07T20:20:03","slug":"auftaktniederlage-2","status":"publish","type":"post","link":"http:\/\/www.weinstrassesued.com\/?p=11718","title":{"rendered":"Auftaktniederlage"},"content":{"rendered":"<p>Nichts zu hohlen gabs f\u00fcr die A-Jugend in Schenna. Trotz 1-0 F\u00fchrung durch Ouassim und dem 2-2 durch Eschgf\u00e4ller in H\u00e4lfte 2, mu\u00dften sich unsere Jungs am Ende 6 &#8211; 2 geschlagen geben.<\/p>\n<p>Fotos <a href=\"http:\/\/www.weinstrassesued.com\/?page_id=11743\">HIER<\/a><\/p>\n","protected":false},"excerpt":{"rendered":"<p>Nichts zu hohlen gabs f\u00fcr die A-Jugend in Schenna. Trotz 1-0 F\u00fchrung durch Ouassim und dem 2-2 durch Eschgf\u00e4ller in H\u00e4lfte 2, mu\u00dften sich unsere Jungs am Ende 6 &#8211; 2 geschlagen geben. Fotos HIER<\/p>\n","protected":false},"author":12,"featured_media":11735,"comment_status":"closed","ping_status":"closed","sticky":false,"template":"","format":"standard","meta":[],"categories":[8],"tags":[],"_links":{"self":[{"href":"http:\/\/www.weinstrassesued.com\/index.php?rest_route=\/wp\/v2\/posts\/11718"}],"collection":[{"href":"http:\/\/www.weinstrassesued.com\/index.php?rest_route=\/wp\/v2\/posts"}],"about":[{"href":"http:\/\/www.weinstrassesued.com\/index.php?rest_route=\/wp\/v2\/types\/post"}],"author":[{"embeddable":true,"href":"http:\/\/www.weinstrassesued.com\/index.php?rest_route=\/wp\/v2\/users\/12"}],"replies":[{"embeddable":true,"href":"http:\/\/www.weinstrassesued.com\/index.php?rest_route=%2Fwp%2Fv2%2Fcomments&post=11718"}],"version-history":[{"count":2,"href":"http:\/\/www.weinstrassesued.com\/index.php?rest_route=\/wp\/v2\/posts\/11718\/revisions"}],"predecessor-version":[{"id":11769,"href":"http:\/\/www.weinstrassesued.com\/index.php?rest_route=\/wp\/v2\/posts\/11718\/revisions\/11769"}],"wp:featuredmedia":[{"embeddable":true,"href":"http:\/\/www.weinstrassesued.com\/index.php?rest_route=\/wp\/v2\/media\/11735"}],"wp:attachment":[{"href":"http:\/\/www.weinstrassesued.com\/index.php?rest_route=%2Fwp%2Fv2%2Fmedia&parent=11718"}],"wp:term":[{"taxonomy":"category","embeddable":true,"href":"http:\/\/www.weinstrassesued.com\/index.php?rest_route=%2Fwp%2Fv2%2Fcategories&post=11718"},{"taxonomy":"post_tag","embeddable":true,"href":"http:\/\/www.weinstrassesued.com\/index.php?rest_route=%2Fwp%2Fv2%2Ftags&post=11718"}],"curies":[{"name":"wp","href":"https:\/\/api.w.org\/{rel}","templated":true}]}}