{"id":10258,"date":"2013-03-24T17:02:07","date_gmt":"2013-03-24T16:02:07","guid":{"rendered":"http:\/\/www.weinstrassesued.com\/?p=10258"},"modified":"2013-03-25T13:16:54","modified_gmt":"2013-03-25T12:16:54","slug":"so-nicht","status":"publish","type":"post","link":"http:\/\/www.weinstrassesued.com\/?p=10258","title":{"rendered":"So nicht.."},"content":{"rendered":"<p style=\"text-align: justify;\">Am Freitagabend, den 22. M\u00e4rz startete die Reservemannschaft in die R\u00fcckrunde.<br \/>\nEin Kompliment vorab dem Sportverein aus Aldein, die trotz der starken Schneef\u00e4lle der vorangegangenen Wochen einen optimalen Platz pr\u00e4sentieren konnten.<br \/>\nLos geht\u2019s.<br \/>\nNach dem \u00fcblichem Abtasten, gab es in der 7. Minute den 1. Aufreger, nachdem Casal M. einen Gegner elfmeterw\u00fcrdig vom Ball trennte. Doch Schiris Pfeifchen blieb ruhig. Ruhig wurde es auch auf dem Spielfeld. In der 24. min gab es eine Chance f\u00fcr den Schwereren, pardon, \u00e4lteren der Gebr\u00fcder Daum. Doch die Gelegenheit wurde verschenkt. Bis dahin war die Partie ein so genannter G\u00e4hner. 1-2 Weitsch\u00fcsse von Weinstra\u00dfe S\u00fcd und Aldein schoss den Ball auch nur weit nach vorne.<br \/>\nFehlp\u00e4sse und Stoppfehler gab es auf beiden Seiten zur Gen\u00fcge. Weinstra\u00dfe erarbeitete sich zu diesem Zeitpunkt ein kleines \u00dcbergewicht, was aber bei dieser Magerkost nicht sonderlich schwer war. In der 27. min spielte Joachim D. auf Patrick der im 16er gefoult wurde. Den f\u00e4lligen 11er verwandelte Ivan \u201eKibl\u201c sicher zur 0:1 F\u00fchrung.<br \/>\n\u201eKibl\u201c verst\u00e4rkt seit der Winterpause den Kader der Reservemannschaft und auch Simon M. \u201eSemml\u201c wurde zum fixen Bestandteil unserer Truppe.<br \/>\nNach der F\u00fchrung vergab unsere Mannschaft ein paar hochkar\u00e4tige Chancen. Einmal Semml, der nach sch\u00f6nem Bruststopp den Ball volley direkt in die Arme des Torwarts schoss (43. min). Auch Joachim vergab nach einer Flanke von Ranigler (34. min) und einem sensationell katastrophalen R\u00fcckpass seitens der Gegner (40 min) und einer weiteren Chance in der \u00a045. min, drei gute M\u00f6glichkeiten die F\u00fchrung auszubauen. Trotz der sogenannten M\u00f6glichkeiten war die erste H\u00e4lfte nicht gerade berauschend. Einzig zu schmunzeln war das Zitat eines Zuschauers: \u201eWia im richtign Leibm, muasch vorn die Chance nutzn und schaugn, dass sie dr hintn koan einitean.\u201c<br \/>\nDas h\u00e4tte man auch den Spielern sagen m\u00fcssen, denn nach der Pause dauerte es gerade mal 4 min als Aldein mit einem durchaus haltbaren Weitschuss zum 1:1 ausglich. In der 56. min ging Aldein sogar in F\u00fchrung nachdem die Verteidigung den Ball nicht aus der Gefahrenzone brachte. Es war ein mehr als schwaches Spiel. Kategorie Grottenkick.<br \/>\nDurch einen 2. Elfer (64. min) konnte unsere Mannschaft durch Roland T. ausgleichen, jedoch wurde das Spiel nicht besser. Kein bisschen. In der 70. min kam es sogar soweit, dass die V\u00f6gel mit dem R\u00fccken zur Erde \u00fcber den Sportplatz flogen, damit sie sich diesen Schei\u00df nicht mit ansehen mussten. So verpassten sie, dass sich Verteidiger Joe den Ball unerkl\u00e4rlich weit vorlegte und ein Gegner sich mit der hergeschenkten Kugel aus dem Staub machte. Alleine vor dem Tor, Zick Zack Schnupftabak 3:2 (min 71).<br \/>\nEin paar Minuten sp\u00e4ter knallte ein Aldeiner Weitschuss an die Latte und ein anderer brauchte den Ball nur noch zum 4:2 eink\u00f6pfen. Nach einem Kudellmudell am 16er gelang Roland T. das 4:3.<br \/>\nDoch es wurde nichts mehr daraus. In einem Spiel mit 7 Toren, das keines verdient h\u00e4tte, feierte Aldein den ersten Sieg der Saison.<br \/>\nWas bleibt da noch zu sagen? Nichts nettes, darum lassen wir\u00b4s.<\/p>\n<h3 style=\"text-align: justify;\"><\/h3>\n","protected":false},"excerpt":{"rendered":"<p>Am Freitagabend, den 22. M\u00e4rz startete die Reservemannschaft in die R\u00fcckrunde. Ein Kompliment vorab dem Sportverein aus Aldein, die trotz der starken Schneef\u00e4lle der vorangegangenen Wochen einen optimalen Platz pr\u00e4sentieren konnten. Los geht\u2019s. Nach dem \u00fcblichem Abtasten, gab es in der 7. Minute den 1. Aufreger, nachdem Casal M. einen [&hellip;]<\/p>\n","protected":false},"author":12,"featured_media":0,"comment_status":"closed","ping_status":"closed","sticky":false,"template":"","format":"standard","meta":[],"categories":[5],"tags":[],"_links":{"self":[{"href":"http:\/\/www.weinstrassesued.com\/index.php?rest_route=\/wp\/v2\/posts\/10258"}],"collection":[{"href":"http:\/\/www.weinstrassesued.com\/index.php?rest_route=\/wp\/v2\/posts"}],"about":[{"href":"http:\/\/www.weinstrassesued.com\/index.php?rest_route=\/wp\/v2\/types\/post"}],"author":[{"embeddable":true,"href":"http:\/\/www.weinstrassesued.com\/index.php?rest_route=\/wp\/v2\/users\/12"}],"replies":[{"embeddable":true,"href":"http:\/\/www.weinstrassesued.com\/index.php?rest_route=%2Fwp%2Fv2%2Fcomments&post=10258"}],"version-history":[{"count":4,"href":"http:\/\/www.weinstrassesued.com\/index.php?rest_route=\/wp\/v2\/posts\/10258\/revisions"}],"predecessor-version":[{"id":10262,"href":"http:\/\/www.weinstrassesued.com\/index.php?rest_route=\/wp\/v2\/posts\/10258\/revisions\/10262"}],"wp:attachment":[{"href":"http:\/\/www.weinstrassesued.com\/index.php?rest_route=%2Fwp%2Fv2%2Fmedia&parent=10258"}],"wp:term":[{"taxonomy":"category","embeddable":true,"href":"http:\/\/www.weinstrassesued.com\/index.php?rest_route=%2Fwp%2Fv2%2Fcategories&post=10258"},{"taxonomy":"post_tag","embeddable":true,"href":"http:\/\/www.weinstrassesued.com\/index.php?rest_route=%2Fwp%2Fv2%2Ftags&post=10258"}],"curies":[{"name":"wp","href":"https:\/\/api.w.org\/{rel}","templated":true}]}}